{"id":25038,"date":"2024-06-14T10:25:21","date_gmt":"2024-06-14T13:25:21","guid":{"rendered":"https:\/\/fmalicia.com.ar\/?p=25038"},"modified":"2024-06-14T10:25:23","modified_gmt":"2024-06-14T13:25:23","slug":"nuevo-operativo-para-tramites-de-certificados-de-discapacidad","status":"publish","type":"post","link":"https:\/\/fmalicia.com.ar\/?p=25038","title":{"rendered":"NUEVO OPERATIVO PARA TRAMITES DE CERTIFICADOS DE DISCAPACIDAD."},"content":{"rendered":"\n<p><\/p>\n\n\n\n<p>As\u00ed lo inform\u00f3 la Municipalidad de Las Varillas y Escuela Especial El Amanecer ,en el pr\u00f3ximo mes de julio, con fecha que confirmar\u00e1n oportunamente, la Junta Itinerante de Certificaci\u00f3n, dependiente del Ministerio de Salud de la provincia de C\u00f3rdoba, va a realizar un nuevo operativo en la ciudad de Las Varillas a los fines de tramitar o renovar, por primera vez, certificados \u00fanicos de discapacidad.<\/p>\n\n\n\n<p>Las personas que necesiten realizar este tr\u00e1mite,  deber\u00e1n pre inscribirse en la Direcci\u00f3n de Acci\u00f3n Social (Tucum\u00e1n 52), hasta el 26 de junio inclusive, en el horario de 11:00 a 13:00 hs, teniendo en cuenta lo siguiente:<\/p>\n\n\n\n<p>Las personas que deban tramitar POR PRIMERA VEZ el CUD, deber\u00e1n presentar la siguiente documentaci\u00f3n:<\/p>\n\n\n\n<p>&#8211; DNI de la persona que ser\u00e1 evaluada (original y fotocopia)<\/p>\n\n\n\n<p>&#8211; DNI del adulto a cargo (original y fotocopia)<\/p>\n\n\n\n<p>&#8211; Partida de nacimiento (original y fotocopia) de la persona para la cual se solicita el<\/p>\n\n\n\n<p>certificado. (en caso de no contar con el nuevo DNI)<\/p>\n\n\n\n<p>&#8211; Certificado m\u00e9dico completo y\/o Resumen de historia cl\u00ednica original (de no m\u00e1s<\/p>\n\n\n\n<p>de 6 meses de antig\u00fcedad).<\/p>\n\n\n\n<p>Las personas que deban RENOVAR su CUD, deber\u00e1n presentar la siguiente documentaci\u00f3n:<\/p>\n\n\n\n<p>&#8211; DNI de la persona que ser\u00e1 evaluada (original y fotocopia)<\/p>\n\n\n\n<p>&#8211; Si es menor, DNI del adulto a cargo (original y fotocopia)<\/p>\n\n\n\n<p>&#8211; CUD vencido.<\/p>\n\n\n\n<figure class=\"wp-block-image size-large\"><img loading=\"lazy\" decoding=\"async\" width=\"1024\" height=\"1024\" src=\"https:\/\/fmalicia.com.ar\/wp-content\/uploads\/2024\/06\/cert-1024x1024.jpg\" alt=\"\" class=\"wp-image-25039\" srcset=\"https:\/\/fmalicia.com.ar\/wp-content\/uploads\/2024\/06\/cert-1024x1024.jpg 1024w, https:\/\/fmalicia.com.ar\/wp-content\/uploads\/2024\/06\/cert-300x300.jpg 300w, https:\/\/fmalicia.com.ar\/wp-content\/uploads\/2024\/06\/cert-150x150.jpg 150w, https:\/\/fmalicia.com.ar\/wp-content\/uploads\/2024\/06\/cert-768x768.jpg 768w, https:\/\/fmalicia.com.ar\/wp-content\/uploads\/2024\/06\/cert.jpg 1080w\" sizes=\"auto, (max-width: 1024px) 100vw, 1024px\" \/><\/figure>\n","protected":false},"excerpt":{"rendered":"<p>As\u00ed lo inform\u00f3 la Municipalidad de Las Varillas y Escuela Especial El Amanecer ,en el pr\u00f3ximo mes de julio, con fecha que confirmar\u00e1n oportunamente, la Junta Itinerante de Certificaci\u00f3n, dependiente&hellip; <\/p>\n","protected":false},"author":2,"featured_media":25039,"comment_status":"closed","ping_status":"closed","sticky":false,"template":"","format":"standard","meta":{"footnotes":""},"categories":[17,5,2],"tags":[],"class_list":["post-25038","post","type-post","status-publish","format-standard","has-post-thumbnail","hentry","category-destacadas","category-regionales","category-sociedad"],"views":154,"_links":{"self":[{"href":"https:\/\/fmalicia.com.ar\/index.php?rest_route=\/wp\/v2\/posts\/25038","targetHints":{"allow":["GET"]}}],"collection":[{"href":"https:\/\/fmalicia.com.ar\/index.php?rest_route=\/wp\/v2\/posts"}],"about":[{"href":"https:\/\/fmalicia.com.ar\/index.php?rest_route=\/wp\/v2\/types\/post"}],"author":[{"embeddable":true,"href":"https:\/\/fmalicia.com.ar\/index.php?rest_route=\/wp\/v2\/users\/2"}],"replies":[{"embeddable":true,"href":"https:\/\/fmalicia.com.ar\/index.php?rest_route=%2Fwp%2Fv2%2Fcomments&post=25038"}],"version-history":[{"count":1,"href":"https:\/\/fmalicia.com.ar\/index.php?rest_route=\/wp\/v2\/posts\/25038\/revisions"}],"predecessor-version":[{"id":25040,"href":"https:\/\/fmalicia.com.ar\/index.php?rest_route=\/wp\/v2\/posts\/25038\/revisions\/25040"}],"wp:featuredmedia":[{"embeddable":true,"href":"https:\/\/fmalicia.com.ar\/index.php?rest_route=\/wp\/v2\/media\/25039"}],"wp:attachment":[{"href":"https:\/\/fmalicia.com.ar\/index.php?rest_route=%2Fwp%2Fv2%2Fmedia&parent=25038"}],"wp:term":[{"taxonomy":"category","embeddable":true,"href":"https:\/\/fmalicia.com.ar\/index.php?rest_route=%2Fwp%2Fv2%2Fcategories&post=25038"},{"taxonomy":"post_tag","embeddable":true,"href":"https:\/\/fmalicia.com.ar\/index.php?rest_route=%2Fwp%2Fv2%2Ftags&post=25038"}],"curies":[{"name":"wp","href":"https:\/\/api.w.org\/{rel}","templated":true}]}}