{"id":25032,"date":"2024-06-20T00:27:53","date_gmt":"2024-06-20T03:27:53","guid":{"rendered":"https:\/\/fmalicia.com.ar\/?p=25032"},"modified":"2024-06-20T01:41:27","modified_gmt":"2024-06-20T04:41:27","slug":"cespal-segmentacion-energetica","status":"publish","type":"post","link":"https:\/\/fmalicia.com.ar\/?p=25032","title":{"rendered":"CESPAL: SEGMENTACI\u00d3N ENERG\u00c9TICA"},"content":{"rendered":"\n<p>Por disposici\u00f3n de la SECRETARIA DE ENERGIA DE LA NACION todos los beneficiarios de la TARIFA SOCIAL PROVINCIAL N2 deber\u00e1n completar la Declaraci\u00f3n Jurada de segmentaci\u00f3n energ\u00e9tica.<\/p>\n\n\n\n<p>Disponen de un plazo 60 dias para realizar dicho tr\u00e1mite, de no registrarse ser\u00e1 asignado autom\u00e1ticamente como RESIDENCIAL N1, conservando solo los beneficios de la tarifa social provincial.<\/p>\n\n\n\n<p>Podes realizar el tramite en https:\/\/www.argentina.gob.ar\/subsidios<\/p>\n\n\n\n<figure class=\"wp-block-image size-full\"><img loading=\"lazy\" decoding=\"async\" width=\"1024\" height=\"682\" src=\"https:\/\/fmalicia.com.ar\/wp-content\/uploads\/2024\/06\/descarga.jpg\" alt=\"\" class=\"wp-image-25033\" srcset=\"https:\/\/fmalicia.com.ar\/wp-content\/uploads\/2024\/06\/descarga.jpg 1024w, https:\/\/fmalicia.com.ar\/wp-content\/uploads\/2024\/06\/descarga-300x200.jpg 300w, https:\/\/fmalicia.com.ar\/wp-content\/uploads\/2024\/06\/descarga-768x512.jpg 768w\" sizes=\"auto, (max-width: 1024px) 100vw, 1024px\" \/><\/figure>\n","protected":false},"excerpt":{"rendered":"<p>Por disposici\u00f3n de la SECRETARIA DE ENERGIA DE LA NACION todos los beneficiarios de la TARIFA SOCIAL PROVINCIAL N2 deber\u00e1n completar la Declaraci\u00f3n Jurada de segmentaci\u00f3n energ\u00e9tica. Disponen de un&hellip; <\/p>\n","protected":false},"author":2,"featured_media":25033,"comment_status":"closed","ping_status":"closed","sticky":false,"template":"","format":"standard","meta":{"footnotes":""},"categories":[17,4,2],"tags":[],"class_list":["post-25032","post","type-post","status-publish","format-standard","has-post-thumbnail","hentry","category-destacadas","category-locales","category-sociedad"],"views":226,"_links":{"self":[{"href":"https:\/\/fmalicia.com.ar\/index.php?rest_route=\/wp\/v2\/posts\/25032","targetHints":{"allow":["GET"]}}],"collection":[{"href":"https:\/\/fmalicia.com.ar\/index.php?rest_route=\/wp\/v2\/posts"}],"about":[{"href":"https:\/\/fmalicia.com.ar\/index.php?rest_route=\/wp\/v2\/types\/post"}],"author":[{"embeddable":true,"href":"https:\/\/fmalicia.com.ar\/index.php?rest_route=\/wp\/v2\/users\/2"}],"replies":[{"embeddable":true,"href":"https:\/\/fmalicia.com.ar\/index.php?rest_route=%2Fwp%2Fv2%2Fcomments&post=25032"}],"version-history":[{"count":1,"href":"https:\/\/fmalicia.com.ar\/index.php?rest_route=\/wp\/v2\/posts\/25032\/revisions"}],"predecessor-version":[{"id":25034,"href":"https:\/\/fmalicia.com.ar\/index.php?rest_route=\/wp\/v2\/posts\/25032\/revisions\/25034"}],"wp:featuredmedia":[{"embeddable":true,"href":"https:\/\/fmalicia.com.ar\/index.php?rest_route=\/wp\/v2\/media\/25033"}],"wp:attachment":[{"href":"https:\/\/fmalicia.com.ar\/index.php?rest_route=%2Fwp%2Fv2%2Fmedia&parent=25032"}],"wp:term":[{"taxonomy":"category","embeddable":true,"href":"https:\/\/fmalicia.com.ar\/index.php?rest_route=%2Fwp%2Fv2%2Fcategories&post=25032"},{"taxonomy":"post_tag","embeddable":true,"href":"https:\/\/fmalicia.com.ar\/index.php?rest_route=%2Fwp%2Fv2%2Ftags&post=25032"}],"curies":[{"name":"wp","href":"https:\/\/api.w.org\/{rel}","templated":true}]}}