{"id":25025,"date":"2024-06-13T11:05:48","date_gmt":"2024-06-13T14:05:48","guid":{"rendered":"https:\/\/fmalicia.com.ar\/?p=25025"},"modified":"2024-06-13T11:05:49","modified_gmt":"2024-06-13T14:05:49","slug":"en-las-varas-se-detecto-y-se-confirmo-un-caso-de-tuberculosis","status":"publish","type":"post","link":"https:\/\/fmalicia.com.ar\/?p=25025","title":{"rendered":"EN LAS VARAS SE DETECT\u00d3 Y SE CONFIRM\u00d3 UN CASO DE TUBERCULOSIS."},"content":{"rendered":"\n<p>Se trata de una maestra de S.M.Laspiur que da clases en la localidad de Las Varas, que present\u00f3 los s\u00edntomas que luego los estudios confirmaron su enfermedad. Los alumnos que compartieron estas \u00faltimas horas de clases con la maestra, fueron llevados al Hospital Municipal Diego Montoya donde los primeros estudios no muestran que tengan s\u00edntomas en sus pulmones de la enfermedad.<\/p>\n\n\n\n<figure class=\"wp-block-image size-large\"><img loading=\"lazy\" decoding=\"async\" width=\"1024\" height=\"675\" src=\"https:\/\/fmalicia.com.ar\/wp-content\/uploads\/2024\/06\/tuberculosis--1024x675.jpg\" alt=\"\" class=\"wp-image-25026\" srcset=\"https:\/\/fmalicia.com.ar\/wp-content\/uploads\/2024\/06\/tuberculosis--1024x675.jpg 1024w, https:\/\/fmalicia.com.ar\/wp-content\/uploads\/2024\/06\/tuberculosis--300x198.jpg 300w, https:\/\/fmalicia.com.ar\/wp-content\/uploads\/2024\/06\/tuberculosis--768x506.jpg 768w, https:\/\/fmalicia.com.ar\/wp-content\/uploads\/2024\/06\/tuberculosis-.jpg 1366w\" sizes=\"auto, (max-width: 1024px) 100vw, 1024px\" \/><\/figure>\n","protected":false},"excerpt":{"rendered":"<p>Se trata de una maestra de S.M.Laspiur que da clases en la localidad de Las Varas, que present\u00f3 los s\u00edntomas que luego los estudios confirmaron su enfermedad. Los alumnos que&hellip; <\/p>\n","protected":false},"author":2,"featured_media":25026,"comment_status":"closed","ping_status":"closed","sticky":false,"template":"","format":"standard","meta":{"footnotes":""},"categories":[17,5],"tags":[],"class_list":["post-25025","post","type-post","status-publish","format-standard","has-post-thumbnail","hentry","category-destacadas","category-regionales"],"views":183,"_links":{"self":[{"href":"https:\/\/fmalicia.com.ar\/index.php?rest_route=\/wp\/v2\/posts\/25025","targetHints":{"allow":["GET"]}}],"collection":[{"href":"https:\/\/fmalicia.com.ar\/index.php?rest_route=\/wp\/v2\/posts"}],"about":[{"href":"https:\/\/fmalicia.com.ar\/index.php?rest_route=\/wp\/v2\/types\/post"}],"author":[{"embeddable":true,"href":"https:\/\/fmalicia.com.ar\/index.php?rest_route=\/wp\/v2\/users\/2"}],"replies":[{"embeddable":true,"href":"https:\/\/fmalicia.com.ar\/index.php?rest_route=%2Fwp%2Fv2%2Fcomments&post=25025"}],"version-history":[{"count":1,"href":"https:\/\/fmalicia.com.ar\/index.php?rest_route=\/wp\/v2\/posts\/25025\/revisions"}],"predecessor-version":[{"id":25027,"href":"https:\/\/fmalicia.com.ar\/index.php?rest_route=\/wp\/v2\/posts\/25025\/revisions\/25027"}],"wp:featuredmedia":[{"embeddable":true,"href":"https:\/\/fmalicia.com.ar\/index.php?rest_route=\/wp\/v2\/media\/25026"}],"wp:attachment":[{"href":"https:\/\/fmalicia.com.ar\/index.php?rest_route=%2Fwp%2Fv2%2Fmedia&parent=25025"}],"wp:term":[{"taxonomy":"category","embeddable":true,"href":"https:\/\/fmalicia.com.ar\/index.php?rest_route=%2Fwp%2Fv2%2Fcategories&post=25025"},{"taxonomy":"post_tag","embeddable":true,"href":"https:\/\/fmalicia.com.ar\/index.php?rest_route=%2Fwp%2Fv2%2Ftags&post=25025"}],"curies":[{"name":"wp","href":"https:\/\/api.w.org\/{rel}","templated":true}]}}