{"id":25022,"date":"2024-06-13T11:01:28","date_gmt":"2024-06-13T14:01:28","guid":{"rendered":"https:\/\/fmalicia.com.ar\/?p=25022"},"modified":"2024-06-13T11:01:29","modified_gmt":"2024-06-13T14:01:29","slug":"12-anos-de-carcel-para-un-hombre-de-71-anos-por-abuso-de-3-menores","status":"publish","type":"post","link":"https:\/\/fmalicia.com.ar\/?p=25022","title":{"rendered":"12 A\u00d1OS DE C\u00c1RCEL PARA UN HOMBRE DE 71 A\u00d1OS POR ABUSO DE 3 MENORES."},"content":{"rendered":"\n<p>La Justicia de Villa Mar\u00eda impuso hoy una pena de doce a\u00f1os de prisi\u00f3n para un vecino de Pozo del Molle (71), a quien hall\u00f3 como culpable de hecho de abuso contra tres menores de edad.<\/p>\n\n\n\n<p>Precisamente, se trata de una persona que fue identificada con las iniciales \u201cM.,G.F.\u201d, quien fue jugado por hechos registrados en la vecina localidad el 29 de marzo del 2018; entre los meses de diciembre de 2019 y febrero de <a><\/a>2020; entre diciembre de 2021 y febrero de 2022; y entre diciembre de 2022 y febrero de 2023. El individuo permanece detenido desde el d\u00eda 10 del \u00faltimo mes mencionado.<\/p>\n\n\n\n<p>El juez del caso, F\u00e9lix Mart\u00ednez, lo declar\u00f3 como autor responsable de \u201cabuso sexual\u201d, \u201cabuso sexual doblemente agravado por el v\u00ednculo y por la convivencia preexistente en concurso ideal con corrupci\u00f3n de menores agravada\u201d, \u201cabuso sexual con acceso carnal doblemente agravado por guarda provisoria en concurso ideal con corrupci\u00f3n de menores agravada\u201d y \u201ccoacci\u00f3n\u201d, todo en concurso real.<\/p>\n\n\n\n<p>Por tal motivo, le impusieron la citada pena de doce a\u00f1os de prisi\u00f3n. Cabe destacar que el ciudadano septuagenario estuvo defendido por la asesora letrada Ivana Castoldi, en tanto que la acusaci\u00f3n estuvo a cargo del fiscal Francisco M\u00e1rquez.<\/p>\n\n\n\n<p>FUENTE: VILLA MARIA YA.<\/p>\n\n\n\n<figure class=\"wp-block-image size-full\"><img loading=\"lazy\" decoding=\"async\" width=\"678\" height=\"381\" src=\"https:\/\/fmalicia.com.ar\/wp-content\/uploads\/2024\/06\/www.jpg\" alt=\"\" class=\"wp-image-25023\" srcset=\"https:\/\/fmalicia.com.ar\/wp-content\/uploads\/2024\/06\/www.jpg 678w, https:\/\/fmalicia.com.ar\/wp-content\/uploads\/2024\/06\/www-300x169.jpg 300w\" sizes=\"auto, (max-width: 678px) 100vw, 678px\" \/><\/figure>\n","protected":false},"excerpt":{"rendered":"<p>La Justicia de Villa Mar\u00eda impuso hoy una pena de doce a\u00f1os de prisi\u00f3n para un vecino de Pozo del Molle (71), a quien hall\u00f3 como culpable de hecho de&hellip; <\/p>\n","protected":false},"author":2,"featured_media":25023,"comment_status":"closed","ping_status":"closed","sticky":false,"template":"","format":"standard","meta":{"footnotes":""},"categories":[17,3,5],"tags":[],"class_list":["post-25022","post","type-post","status-publish","format-standard","has-post-thumbnail","hentry","category-destacadas","category-policiales","category-regionales"],"views":147,"_links":{"self":[{"href":"https:\/\/fmalicia.com.ar\/index.php?rest_route=\/wp\/v2\/posts\/25022","targetHints":{"allow":["GET"]}}],"collection":[{"href":"https:\/\/fmalicia.com.ar\/index.php?rest_route=\/wp\/v2\/posts"}],"about":[{"href":"https:\/\/fmalicia.com.ar\/index.php?rest_route=\/wp\/v2\/types\/post"}],"author":[{"embeddable":true,"href":"https:\/\/fmalicia.com.ar\/index.php?rest_route=\/wp\/v2\/users\/2"}],"replies":[{"embeddable":true,"href":"https:\/\/fmalicia.com.ar\/index.php?rest_route=%2Fwp%2Fv2%2Fcomments&post=25022"}],"version-history":[{"count":1,"href":"https:\/\/fmalicia.com.ar\/index.php?rest_route=\/wp\/v2\/posts\/25022\/revisions"}],"predecessor-version":[{"id":25024,"href":"https:\/\/fmalicia.com.ar\/index.php?rest_route=\/wp\/v2\/posts\/25022\/revisions\/25024"}],"wp:featuredmedia":[{"embeddable":true,"href":"https:\/\/fmalicia.com.ar\/index.php?rest_route=\/wp\/v2\/media\/25023"}],"wp:attachment":[{"href":"https:\/\/fmalicia.com.ar\/index.php?rest_route=%2Fwp%2Fv2%2Fmedia&parent=25022"}],"wp:term":[{"taxonomy":"category","embeddable":true,"href":"https:\/\/fmalicia.com.ar\/index.php?rest_route=%2Fwp%2Fv2%2Fcategories&post=25022"},{"taxonomy":"post_tag","embeddable":true,"href":"https:\/\/fmalicia.com.ar\/index.php?rest_route=%2Fwp%2Fv2%2Ftags&post=25022"}],"curies":[{"name":"wp","href":"https:\/\/api.w.org\/{rel}","templated":true}]}}