{"id":25013,"date":"2024-06-13T10:51:40","date_gmt":"2024-06-13T13:51:40","guid":{"rendered":"https:\/\/fmalicia.com.ar\/?p=25013"},"modified":"2024-06-13T10:51:41","modified_gmt":"2024-06-13T13:51:41","slug":"la-municipalidad-de-las-varillas-perdio-un-juicio-y-debera-pagar-mas-de-200-millones-de-pesos","status":"publish","type":"post","link":"https:\/\/fmalicia.com.ar\/?p=25013","title":{"rendered":"LA MUNICIPALIDAD DE LAS VARILLAS PERDI\u00d3 UN JUICIO Y DEBER\u00c1 PAGAR MAS DE 200 MILLONES DE PESOS."},"content":{"rendered":"\n<p>Se conoci\u00f3 en el Concejo Deliberante por un proyecto de ordenanza del oficialismo, que la Municipalidad hab\u00eda perdido un importante juicio ante el Sanatorio Policl\u00ednico S.A.<\/p>\n\n\n\n<p>El proyecto incrementa el valor del fondo FODISA EMAV ( Fondo para desag\u00fces, Infraestructura y Saneamiento Ambiental ) a cobrar en cada una de las boletas emitidas por la empresa municipal de Agua.<\/p>\n\n\n\n<p>&#8220;Por cada cedul\u00f3n y\/o recibo de pago emitido por la Empresa Municipal Aguas Varillenses:<\/p>\n\n\n\n<p>Lote bald\u00edo con energ\u00eda el\u00e9ctrica $ 1400<\/p>\n\n\n\n<p>Tarifa b\u00e1sica inferior a los $ 10.574,56 $ 1800<\/p>\n\n\n\n<p>Tarifa b\u00e1sica superior a los $ 10.574,56 $ 2120<\/p>\n\n\n\n<p>El importe de $ 10.574,56 podr\u00e1 ser incrementado en la misma proporci\u00f3n que en el futuro se modifique la tarifa del agua&#8221;<\/p>\n\n\n\n<p>&#8220;Se destinar\u00e1 el 50% recaudado en concepto de Fondo para Desag\u00fces, Infraestructura y Saneamiento Ambiental, al pago del Acuerdo Transaccional &#8211; Convenio De Reconocimiento De Deuda Con Hugo Adolfo Lupi, Graciela Del Carmen Ortega Y Sanatorio Policl\u00ednico S.A. hasta la cancelaci\u00f3n de las obligaciones all\u00ed comprometidas por la EMAV y la MUNICIPALIDAD.&#8221;<\/p>\n\n\n\n<p>Adem\u00e1s se reconoce la &#8220;DEUDA POR HONORARIOS PROFESIONALES Y SU ABONO, con los Dres. Luis Alfredo MORELLI, M.P. 5-151 y Juan Manuel RODRIGUEZ, M.P. 5-852; que les corresponde por su actuaci\u00f3n.&#8221;<\/p>\n\n\n\n<p>La causa judicial iniciada el JUZGADO CIVIL, COMERCIAL CONCILIACION, FAMILIA CONTROL, MENORES Y FALTAS DE LA CIUDAD DE LAS VARILLAS por los Sres. Hugo Adolfo LUPI, Graciela del Carmen ORTEGA, y la Sociedad Comercial \u201cSanatorio Policl\u00ednico S.A.\u201d en contra de la Municipalidad de Las Varillas y la E.M.A.V, es por resarcimiento de los da\u00f1os y perjuicios verificados sobre la construcci\u00f3n edilicia existente en el inmueble de propiedad de los acreedores ubicado en la calle Belgrano n\u00b0 138 de esta Ciudad y de lucro cesante por privaci\u00f3n del uso de la hoteler\u00eda hospitalaria con m\u00e1s el da\u00f1o moral ocasionado, lo que dio origen al expediente principal n\u00b0 2689383.<\/p>\n\n\n\n<p>La sentencia de primera instancia fue acogida parcialmente por el tribunal y condena a resarcir los da\u00f1os reclamados a las demandadas, fue apelada por ambas partes, sintetizando, se puede decir que los motivos de agravios por parte de la Municipalidad y la EMAV fueron: 1o) La falta de legitimaci\u00f3n pasiva por parte de la Municipalidad de Las Varillas, por cuanto la actora no acredito que esta tuviera jurisdicci\u00f3n y\/o competencia alguna sobre la red de agua potable, omitiendo valorar el dictamen pericial contable en cuanto le atribuye a la EMAV personalidad jur\u00eddica propia y patrimonio diferenciado de la Municipalidad de Las Varillas. ) La omisi\u00f3n de valorar en forma total la prueba testimonial y en forma inadecuada el dictamen pericial del Arq. Moretti. 3o) La atribuci\u00f3n de responsabilidad respecto de los da\u00f1os, teniendo en cuenta que los mismos se produjeron por causas atribuibles a los actores, siguiendo lo dictaminado por el Perito Moretti &#8220;..al hundimiento o compactaci\u00f3n del suelo producto de un nivel anormal de humedad&#8221;, ha sido el sistema cloacal ilegal y con un funcionamiento inadecuado. 4o) La cuantificaci\u00f3n del da\u00f1o emergente, por cuanto el monto mandado a pagar en la sentencia viola el principio de congruencia al establecer un monto en exceso al reclamado en la demanda, valorando el dictamen.<\/p>\n\n\n\n<p>Que reca\u00edda la sentencia de segunda instancia en el mes de agosto de 2020, por la CAMARA APEL. CIV.COM.FLIA &#8211; SAN FRANCISCO, la cual confirm\u00f3 la sentencia de primera instancia, la misma fue motivo del recurso de Casaci\u00f3n por LA MUNICIPALIDAD y EMAV, el cual fue acogido parcialmente y por la causal de Violaci\u00f3n de las formas y solemnidades prescriptas para la sentencia (art. 383, inc. 1\u00b0, CPC): falta la firma de un vocal.<\/p>\n\n\n\n<p>Que en contra del Auto N\u00famero DOS de fecha 02 de febrero de 2021 que declar\u00f3 inadmisible el recurso de casaci\u00f3n planteado por las codemandadas, MUNICIPALIDAD Y EMAV a trav\u00e9s de su apoderado, fundado en los motivos de \u201cviolaci\u00f3n del principio de fundamentaci\u00f3n l\u00f3gica y legal..\u201d, se plante\u00f3 el recurso de QUEJA o Directo.<\/p>\n\n\n\n<p>Que de las instancias recursivas presentadas por la EMAV y MUNICIPALIDAD en contra de la Sentencia, las actuaciones llegaron a radicarse en el Tribunal Superior de Justicia de nuestra Provincia haciendo lugar al recurso de casaci\u00f3n por la causal esgrimida del inc. 1 del Art. 383 del CPC y despu\u00e9s de haber trascurrido m\u00e1s de nueve a\u00f1os del hecho que le dio origen al reclamo, la sentencia dictada en los autos relacionados supra, reca\u00edda en el mes de octubre de 2024 se encuentra firme y en condiciones de ser ejecutada.&#8221;<\/p>\n\n\n\n<figure class=\"wp-block-image size-full\"><img loading=\"lazy\" decoding=\"async\" width=\"620\" height=\"275\" src=\"https:\/\/fmalicia.com.ar\/wp-content\/uploads\/2024\/06\/poli.jpg\" alt=\"\" class=\"wp-image-25014\" srcset=\"https:\/\/fmalicia.com.ar\/wp-content\/uploads\/2024\/06\/poli.jpg 620w, https:\/\/fmalicia.com.ar\/wp-content\/uploads\/2024\/06\/poli-300x133.jpg 300w\" sizes=\"auto, (max-width: 620px) 100vw, 620px\" \/><\/figure>\n","protected":false},"excerpt":{"rendered":"<p>Se conoci\u00f3 en el Concejo Deliberante por un proyecto de ordenanza del oficialismo, que la Municipalidad hab\u00eda perdido un importante juicio ante el Sanatorio Policl\u00ednico S.A. El proyecto incrementa el&hellip; <\/p>\n","protected":false},"author":2,"featured_media":25014,"comment_status":"closed","ping_status":"closed","sticky":false,"template":"","format":"standard","meta":{"footnotes":""},"categories":[17,5],"tags":[],"class_list":["post-25013","post","type-post","status-publish","format-standard","has-post-thumbnail","hentry","category-destacadas","category-regionales"],"views":347,"_links":{"self":[{"href":"https:\/\/fmalicia.com.ar\/index.php?rest_route=\/wp\/v2\/posts\/25013","targetHints":{"allow":["GET"]}}],"collection":[{"href":"https:\/\/fmalicia.com.ar\/index.php?rest_route=\/wp\/v2\/posts"}],"about":[{"href":"https:\/\/fmalicia.com.ar\/index.php?rest_route=\/wp\/v2\/types\/post"}],"author":[{"embeddable":true,"href":"https:\/\/fmalicia.com.ar\/index.php?rest_route=\/wp\/v2\/users\/2"}],"replies":[{"embeddable":true,"href":"https:\/\/fmalicia.com.ar\/index.php?rest_route=%2Fwp%2Fv2%2Fcomments&post=25013"}],"version-history":[{"count":1,"href":"https:\/\/fmalicia.com.ar\/index.php?rest_route=\/wp\/v2\/posts\/25013\/revisions"}],"predecessor-version":[{"id":25015,"href":"https:\/\/fmalicia.com.ar\/index.php?rest_route=\/wp\/v2\/posts\/25013\/revisions\/25015"}],"wp:featuredmedia":[{"embeddable":true,"href":"https:\/\/fmalicia.com.ar\/index.php?rest_route=\/wp\/v2\/media\/25014"}],"wp:attachment":[{"href":"https:\/\/fmalicia.com.ar\/index.php?rest_route=%2Fwp%2Fv2%2Fmedia&parent=25013"}],"wp:term":[{"taxonomy":"category","embeddable":true,"href":"https:\/\/fmalicia.com.ar\/index.php?rest_route=%2Fwp%2Fv2%2Fcategories&post=25013"},{"taxonomy":"post_tag","embeddable":true,"href":"https:\/\/fmalicia.com.ar\/index.php?rest_route=%2Fwp%2Fv2%2Ftags&post=25013"}],"curies":[{"name":"wp","href":"https:\/\/api.w.org\/{rel}","templated":true}]}}