{"id":25009,"date":"2024-06-13T11:08:52","date_gmt":"2024-06-13T14:08:52","guid":{"rendered":"https:\/\/fmalicia.com.ar\/?p=25009"},"modified":"2024-06-13T11:09:51","modified_gmt":"2024-06-13T14:09:51","slug":"conferencia-plan-estrategico-productivo-de-alicia","status":"publish","type":"post","link":"https:\/\/fmalicia.com.ar\/?p=25009","title":{"rendered":"CONFERENCIA &#8220;PLAN ESTRATEGICO PRODUCTIVO DE ALICIA&#8221;"},"content":{"rendered":"\n<p>En el despacho del Intendente Bianchini se desarroll\u00f3 una conferencia de prensa para presentar a los medios de comunicaci\u00f3n de toda la regi\u00f3n el &#8220;PLAN ESTRATEGICO PRODUCTIVO DE ALICIA&#8221; con la presencia del el Intendente, Presidente del Consejo Deliberante, del tribuno de cuentas, la Secretaria de Finanzas, la Directora de producci\u00f3n y Ambiente y el Lic. Carlos Seggiaro entre otros<\/p>\n\n\n\n<div><iframe loading=\"lazy\" width=\"300\" height=\"60\" src=\"https:\/\/vocaroo.com\/embed\/1gkCkQRI9Sqr?autoplay=0\" frameborder=\"0\" allow=\"autoplay\"><\/iframe><br><a href=\"https:\/\/voca.ro\/1gkCkQRI9Sqr\" title=\"Grabadora de voz Vocaroo\" target=\"_blank\" rel=\"noopener\">Ver en Vocaroo &gt;&gt;<\/a><\/div>\n\n\n\n<figure class=\"wp-block-image size-large\"><img loading=\"lazy\" decoding=\"async\" width=\"1024\" height=\"460\" src=\"https:\/\/fmalicia.com.ar\/wp-content\/uploads\/2024\/06\/WhatsApp-Image-2024-06-13-at-10.45.17-AM-1024x460.jpeg\" alt=\"\" class=\"wp-image-25011\" srcset=\"https:\/\/fmalicia.com.ar\/wp-content\/uploads\/2024\/06\/WhatsApp-Image-2024-06-13-at-10.45.17-AM-1024x460.jpeg 1024w, https:\/\/fmalicia.com.ar\/wp-content\/uploads\/2024\/06\/WhatsApp-Image-2024-06-13-at-10.45.17-AM-300x135.jpeg 300w, https:\/\/fmalicia.com.ar\/wp-content\/uploads\/2024\/06\/WhatsApp-Image-2024-06-13-at-10.45.17-AM-768x345.jpeg 768w, https:\/\/fmalicia.com.ar\/wp-content\/uploads\/2024\/06\/WhatsApp-Image-2024-06-13-at-10.45.17-AM-1536x690.jpeg 1536w, https:\/\/fmalicia.com.ar\/wp-content\/uploads\/2024\/06\/WhatsApp-Image-2024-06-13-at-10.45.17-AM.jpeg 1600w\" sizes=\"auto, (max-width: 1024px) 100vw, 1024px\" \/><\/figure>\n","protected":false},"excerpt":{"rendered":"<p>En el despacho del Intendente Bianchini se desarroll\u00f3 una conferencia de prensa para presentar a los medios de comunicaci\u00f3n de toda la regi\u00f3n el &#8220;PLAN ESTRATEGICO PRODUCTIVO DE ALICIA&#8221; con&hellip; <\/p>\n","protected":false},"author":2,"featured_media":25011,"comment_status":"closed","ping_status":"closed","sticky":false,"template":"","format":"standard","meta":{"footnotes":""},"categories":[17,4,2],"tags":[],"class_list":["post-25009","post","type-post","status-publish","format-standard","has-post-thumbnail","hentry","category-destacadas","category-locales","category-sociedad"],"views":144,"_links":{"self":[{"href":"https:\/\/fmalicia.com.ar\/index.php?rest_route=\/wp\/v2\/posts\/25009","targetHints":{"allow":["GET"]}}],"collection":[{"href":"https:\/\/fmalicia.com.ar\/index.php?rest_route=\/wp\/v2\/posts"}],"about":[{"href":"https:\/\/fmalicia.com.ar\/index.php?rest_route=\/wp\/v2\/types\/post"}],"author":[{"embeddable":true,"href":"https:\/\/fmalicia.com.ar\/index.php?rest_route=\/wp\/v2\/users\/2"}],"replies":[{"embeddable":true,"href":"https:\/\/fmalicia.com.ar\/index.php?rest_route=%2Fwp%2Fv2%2Fcomments&post=25009"}],"version-history":[{"count":2,"href":"https:\/\/fmalicia.com.ar\/index.php?rest_route=\/wp\/v2\/posts\/25009\/revisions"}],"predecessor-version":[{"id":25016,"href":"https:\/\/fmalicia.com.ar\/index.php?rest_route=\/wp\/v2\/posts\/25009\/revisions\/25016"}],"wp:featuredmedia":[{"embeddable":true,"href":"https:\/\/fmalicia.com.ar\/index.php?rest_route=\/wp\/v2\/media\/25011"}],"wp:attachment":[{"href":"https:\/\/fmalicia.com.ar\/index.php?rest_route=%2Fwp%2Fv2%2Fmedia&parent=25009"}],"wp:term":[{"taxonomy":"category","embeddable":true,"href":"https:\/\/fmalicia.com.ar\/index.php?rest_route=%2Fwp%2Fv2%2Fcategories&post=25009"},{"taxonomy":"post_tag","embeddable":true,"href":"https:\/\/fmalicia.com.ar\/index.php?rest_route=%2Fwp%2Fv2%2Ftags&post=25009"}],"curies":[{"name":"wp","href":"https:\/\/api.w.org\/{rel}","templated":true}]}}