{"id":24979,"date":"2024-06-11T20:34:55","date_gmt":"2024-06-11T23:34:55","guid":{"rendered":"https:\/\/fmalicia.com.ar\/?p=24979"},"modified":"2024-06-11T20:34:56","modified_gmt":"2024-06-11T23:34:56","slug":"el-ministro-manuel-calvo-recibio-al-intendente-de-las-varillas","status":"publish","type":"post","link":"https:\/\/fmalicia.com.ar\/?p=24979","title":{"rendered":"El ministro Manuel Calvo recibi\u00f3 al intendente de Las Varillas."},"content":{"rendered":"\n<p>\u2022 _Salud, educaci\u00f3n, seguridad ciudadana y obras ser\u00e1n ejes del trabajo conjunto en la presente gesti\u00f3n_.<\/p>\n\n\n\n<p>El ministro de Gobierno de C\u00f3rdoba, Manuel Calvo, recibi\u00f3 este lunes al intendente de la ciudad de Las Varillas, Mauro Daniele, junto a quien abord\u00f3 diferentes aspectos del trabajo compartido que la Provincia aspira a desarrollar junto a esta localidad del departamento San Justo en beneficio de los vecinos.<\/p>\n\n\n\n<p>En <a><\/a>la ocasi\u00f3n, el ministro destac\u00f3 el buen v\u00ednculo que el Gobierno provincial mantiene con la ciudad.<\/p>\n\n\n\n<p>_&#8221;Aspiramos a que el trabajo que nuestra gesti\u00f3n viene desplegando en todo el territorio provincial, en diversas tem\u00e1ticas de inter\u00e9s local, contin\u00fae en Las Varillas, a trav\u00e9s de la escucha atenta y de la mano del correcto funcionamiento institucional_\u201d, expres\u00f3 Manuel Calvo.<\/p>\n\n\n\n<p>Durante el encuentro se trataron cuestiones que ser\u00e1n centrales para el desarrollo de Las Varillas en la presente gesti\u00f3n de gobierno, como las relacionadas con la seguridad ciudadana y con la obra p\u00fablica que el intendente Daniele planea llevar a cabo.<\/p>\n\n\n\n<p>Otro aspecto tratado fue el de la formaci\u00f3n de los j\u00f3venes, que en la mirada de la gesti\u00f3n encabezada por el gobernador Mart\u00edn Llaryora son quienes encarnar\u00e1n el desarrollo productivo al que se aspira a conducir a la provincia. Una parte de ese desarrollo se basa en la conformaci\u00f3n de corredores de localidades reunidas no tanto por su proximidad geogr\u00e1fica como por sus caracter\u00edsticas productivas.<\/p>\n\n\n\n<p>En ese sentido, el ministro Manuel Calvo comparti\u00f3 con el intendente Mauro Daniele las l\u00edneas principales del Programa Provincial de Fortalecimiento Educativo Territorial, la acci\u00f3n orientada a educar a los futuros profesionales en tem\u00e1ticas vinculadas a las caracter\u00edsticas econ\u00f3micas de cada regi\u00f3n de C\u00f3rdoba, con \u00e9nfasis en generaci\u00f3n de valor agregado.<\/p>\n\n\n\n<figure class=\"wp-block-image size-large\"><img loading=\"lazy\" decoding=\"async\" width=\"1024\" height=\"682\" src=\"https:\/\/fmalicia.com.ar\/wp-content\/uploads\/2024\/06\/CALVO-1024x682.jpg\" alt=\"\" class=\"wp-image-24980\" srcset=\"https:\/\/fmalicia.com.ar\/wp-content\/uploads\/2024\/06\/CALVO-1024x682.jpg 1024w, https:\/\/fmalicia.com.ar\/wp-content\/uploads\/2024\/06\/CALVO-300x200.jpg 300w, https:\/\/fmalicia.com.ar\/wp-content\/uploads\/2024\/06\/CALVO-768x512.jpg 768w, https:\/\/fmalicia.com.ar\/wp-content\/uploads\/2024\/06\/CALVO-1536x1023.jpg 1536w, https:\/\/fmalicia.com.ar\/wp-content\/uploads\/2024\/06\/CALVO.jpg 1600w\" sizes=\"auto, (max-width: 1024px) 100vw, 1024px\" \/><\/figure>\n","protected":false},"excerpt":{"rendered":"<p>\u2022 _Salud, educaci\u00f3n, seguridad ciudadana y obras ser\u00e1n ejes del trabajo conjunto en la presente gesti\u00f3n_. El ministro de Gobierno de C\u00f3rdoba, Manuel Calvo, recibi\u00f3 este lunes al intendente de&hellip; <\/p>\n","protected":false},"author":2,"featured_media":24980,"comment_status":"closed","ping_status":"closed","sticky":false,"template":"","format":"standard","meta":{"footnotes":""},"categories":[17,5],"tags":[],"class_list":["post-24979","post","type-post","status-publish","format-standard","has-post-thumbnail","hentry","category-destacadas","category-regionales"],"views":244,"_links":{"self":[{"href":"https:\/\/fmalicia.com.ar\/index.php?rest_route=\/wp\/v2\/posts\/24979","targetHints":{"allow":["GET"]}}],"collection":[{"href":"https:\/\/fmalicia.com.ar\/index.php?rest_route=\/wp\/v2\/posts"}],"about":[{"href":"https:\/\/fmalicia.com.ar\/index.php?rest_route=\/wp\/v2\/types\/post"}],"author":[{"embeddable":true,"href":"https:\/\/fmalicia.com.ar\/index.php?rest_route=\/wp\/v2\/users\/2"}],"replies":[{"embeddable":true,"href":"https:\/\/fmalicia.com.ar\/index.php?rest_route=%2Fwp%2Fv2%2Fcomments&post=24979"}],"version-history":[{"count":1,"href":"https:\/\/fmalicia.com.ar\/index.php?rest_route=\/wp\/v2\/posts\/24979\/revisions"}],"predecessor-version":[{"id":24981,"href":"https:\/\/fmalicia.com.ar\/index.php?rest_route=\/wp\/v2\/posts\/24979\/revisions\/24981"}],"wp:featuredmedia":[{"embeddable":true,"href":"https:\/\/fmalicia.com.ar\/index.php?rest_route=\/wp\/v2\/media\/24980"}],"wp:attachment":[{"href":"https:\/\/fmalicia.com.ar\/index.php?rest_route=%2Fwp%2Fv2%2Fmedia&parent=24979"}],"wp:term":[{"taxonomy":"category","embeddable":true,"href":"https:\/\/fmalicia.com.ar\/index.php?rest_route=%2Fwp%2Fv2%2Fcategories&post=24979"},{"taxonomy":"post_tag","embeddable":true,"href":"https:\/\/fmalicia.com.ar\/index.php?rest_route=%2Fwp%2Fv2%2Ftags&post=24979"}],"curies":[{"name":"wp","href":"https:\/\/api.w.org\/{rel}","templated":true}]}}