{"id":24975,"date":"2024-06-11T20:27:49","date_gmt":"2024-06-11T23:27:49","guid":{"rendered":"https:\/\/fmalicia.com.ar\/?p=24975"},"modified":"2024-06-11T20:27:51","modified_gmt":"2024-06-11T23:27:51","slug":"hace-un-ano-laspiur-elegia-a-horacio-depetris-como-intendente","status":"publish","type":"post","link":"https:\/\/fmalicia.com.ar\/?p=24975","title":{"rendered":"HACE UN A\u00d1O LASPIUR ELEG\u00cdA A HORACIO DEPETRIS COMO INTENDENTE"},"content":{"rendered":"\n<p>Se cumple hoy un a\u00f1o de la contundente victoria de Horacio &#8220;Pico&#8221; Depetris en los comicios municipales de Saturnino Maria Laspiur. El por entonces candidato de Unidos por Laspiur superaba al representante del oficialismo Adri\u00e1n Lozano por 678 votos de diferencia.<\/p>\n\n\n\n<p>Depetris obtuvo el 60,22% (1116 votos), mientras que Lozano alcanz\u00f3 el 36,58% (678 sufragios). Adem\u00e1s, hubo 23 votos en blanco y 36 nulos, lo que represent\u00f3 un 3,2%.<\/p>\n\n\n\n<figure class=\"wp-block-image size-full\"><img loading=\"lazy\" decoding=\"async\" width=\"526\" height=\"526\" src=\"https:\/\/fmalicia.com.ar\/wp-content\/uploads\/2024\/06\/INTENDENTE-LASPIUR.jpg\" alt=\"\" class=\"wp-image-24976\" srcset=\"https:\/\/fmalicia.com.ar\/wp-content\/uploads\/2024\/06\/INTENDENTE-LASPIUR.jpg 526w, https:\/\/fmalicia.com.ar\/wp-content\/uploads\/2024\/06\/INTENDENTE-LASPIUR-300x300.jpg 300w, https:\/\/fmalicia.com.ar\/wp-content\/uploads\/2024\/06\/INTENDENTE-LASPIUR-150x150.jpg 150w\" sizes=\"auto, (max-width: 526px) 100vw, 526px\" \/><\/figure>\n","protected":false},"excerpt":{"rendered":"<p>Se cumple hoy un a\u00f1o de la contundente victoria de Horacio &#8220;Pico&#8221; Depetris en los comicios municipales de Saturnino Maria Laspiur. El por entonces candidato de Unidos por Laspiur superaba&hellip; <\/p>\n","protected":false},"author":2,"featured_media":24976,"comment_status":"closed","ping_status":"closed","sticky":false,"template":"","format":"standard","meta":{"footnotes":""},"categories":[46,5],"tags":[],"class_list":["post-24975","post","type-post","status-publish","format-standard","has-post-thumbnail","hentry","category-politicas","category-regionales"],"views":211,"_links":{"self":[{"href":"https:\/\/fmalicia.com.ar\/index.php?rest_route=\/wp\/v2\/posts\/24975","targetHints":{"allow":["GET"]}}],"collection":[{"href":"https:\/\/fmalicia.com.ar\/index.php?rest_route=\/wp\/v2\/posts"}],"about":[{"href":"https:\/\/fmalicia.com.ar\/index.php?rest_route=\/wp\/v2\/types\/post"}],"author":[{"embeddable":true,"href":"https:\/\/fmalicia.com.ar\/index.php?rest_route=\/wp\/v2\/users\/2"}],"replies":[{"embeddable":true,"href":"https:\/\/fmalicia.com.ar\/index.php?rest_route=%2Fwp%2Fv2%2Fcomments&post=24975"}],"version-history":[{"count":1,"href":"https:\/\/fmalicia.com.ar\/index.php?rest_route=\/wp\/v2\/posts\/24975\/revisions"}],"predecessor-version":[{"id":24977,"href":"https:\/\/fmalicia.com.ar\/index.php?rest_route=\/wp\/v2\/posts\/24975\/revisions\/24977"}],"wp:featuredmedia":[{"embeddable":true,"href":"https:\/\/fmalicia.com.ar\/index.php?rest_route=\/wp\/v2\/media\/24976"}],"wp:attachment":[{"href":"https:\/\/fmalicia.com.ar\/index.php?rest_route=%2Fwp%2Fv2%2Fmedia&parent=24975"}],"wp:term":[{"taxonomy":"category","embeddable":true,"href":"https:\/\/fmalicia.com.ar\/index.php?rest_route=%2Fwp%2Fv2%2Fcategories&post=24975"},{"taxonomy":"post_tag","embeddable":true,"href":"https:\/\/fmalicia.com.ar\/index.php?rest_route=%2Fwp%2Fv2%2Ftags&post=24975"}],"curies":[{"name":"wp","href":"https:\/\/api.w.org\/{rel}","templated":true}]}}