{"id":24968,"date":"2024-06-11T20:57:29","date_gmt":"2024-06-11T23:57:29","guid":{"rendered":"https:\/\/fmalicia.com.ar\/?p=24968"},"modified":"2024-06-11T21:02:04","modified_gmt":"2024-06-12T00:02:04","slug":"comunicado-de-caritas-2","status":"publish","type":"post","link":"https:\/\/fmalicia.com.ar\/?p=24968","title":{"rendered":"Comunicado de CARITAS"},"content":{"rendered":"\n<p>C\u00e1ritas Parroquial Alicia, quiere expresar su agradecimiento a toda la sociedad por la valiosa contribuci\u00f3n econ\u00f3mica y a todas las personas, medios de comunicaci\u00f3n, clubes locales que se sumaron a las voluntarias de C\u00e1ritas para brindar su compromiso, esp\u00edritu solidario y tiempo en la realizaci\u00f3n de la Colecta Anual de C\u00e1ritas. A todos \u00a1\u00a1\u00a1\u00a1 GRACIAS!!!<\/p>\n\n\n\n<figure class=\"wp-block-image size-large\"><img loading=\"lazy\" decoding=\"async\" width=\"1024\" height=\"1024\" src=\"https:\/\/fmalicia.com.ar\/wp-content\/uploads\/2024\/06\/WhatsApp-Image-2024-06-11-at-12.09.52-PM-1024x1024.jpeg\" alt=\"\" class=\"wp-image-24970\" srcset=\"https:\/\/fmalicia.com.ar\/wp-content\/uploads\/2024\/06\/WhatsApp-Image-2024-06-11-at-12.09.52-PM-1024x1024.jpeg 1024w, https:\/\/fmalicia.com.ar\/wp-content\/uploads\/2024\/06\/WhatsApp-Image-2024-06-11-at-12.09.52-PM-300x300.jpeg 300w, https:\/\/fmalicia.com.ar\/wp-content\/uploads\/2024\/06\/WhatsApp-Image-2024-06-11-at-12.09.52-PM-150x150.jpeg 150w, https:\/\/fmalicia.com.ar\/wp-content\/uploads\/2024\/06\/WhatsApp-Image-2024-06-11-at-12.09.52-PM-768x768.jpeg 768w, https:\/\/fmalicia.com.ar\/wp-content\/uploads\/2024\/06\/WhatsApp-Image-2024-06-11-at-12.09.52-PM-1536x1536.jpeg 1536w, https:\/\/fmalicia.com.ar\/wp-content\/uploads\/2024\/06\/WhatsApp-Image-2024-06-11-at-12.09.52-PM.jpeg 1600w\" sizes=\"auto, (max-width: 1024px) 100vw, 1024px\" \/><\/figure>\n","protected":false},"excerpt":{"rendered":"<p>C\u00e1ritas Parroquial Alicia, quiere expresar su agradecimiento a toda la sociedad por la valiosa contribuci\u00f3n econ\u00f3mica y a todas las personas, medios de comunicaci\u00f3n, clubes locales que se sumaron a&hellip; <\/p>\n","protected":false},"author":2,"featured_media":24970,"comment_status":"closed","ping_status":"closed","sticky":false,"template":"","format":"standard","meta":{"footnotes":""},"categories":[17,4,2],"tags":[],"class_list":["post-24968","post","type-post","status-publish","format-standard","has-post-thumbnail","hentry","category-destacadas","category-locales","category-sociedad"],"views":370,"_links":{"self":[{"href":"https:\/\/fmalicia.com.ar\/index.php?rest_route=\/wp\/v2\/posts\/24968","targetHints":{"allow":["GET"]}}],"collection":[{"href":"https:\/\/fmalicia.com.ar\/index.php?rest_route=\/wp\/v2\/posts"}],"about":[{"href":"https:\/\/fmalicia.com.ar\/index.php?rest_route=\/wp\/v2\/types\/post"}],"author":[{"embeddable":true,"href":"https:\/\/fmalicia.com.ar\/index.php?rest_route=\/wp\/v2\/users\/2"}],"replies":[{"embeddable":true,"href":"https:\/\/fmalicia.com.ar\/index.php?rest_route=%2Fwp%2Fv2%2Fcomments&post=24968"}],"version-history":[{"count":1,"href":"https:\/\/fmalicia.com.ar\/index.php?rest_route=\/wp\/v2\/posts\/24968\/revisions"}],"predecessor-version":[{"id":24971,"href":"https:\/\/fmalicia.com.ar\/index.php?rest_route=\/wp\/v2\/posts\/24968\/revisions\/24971"}],"wp:featuredmedia":[{"embeddable":true,"href":"https:\/\/fmalicia.com.ar\/index.php?rest_route=\/wp\/v2\/media\/24970"}],"wp:attachment":[{"href":"https:\/\/fmalicia.com.ar\/index.php?rest_route=%2Fwp%2Fv2%2Fmedia&parent=24968"}],"wp:term":[{"taxonomy":"category","embeddable":true,"href":"https:\/\/fmalicia.com.ar\/index.php?rest_route=%2Fwp%2Fv2%2Fcategories&post=24968"},{"taxonomy":"post_tag","embeddable":true,"href":"https:\/\/fmalicia.com.ar\/index.php?rest_route=%2Fwp%2Fv2%2Ftags&post=24968"}],"curies":[{"name":"wp","href":"https:\/\/api.w.org\/{rel}","templated":true}]}}