{"id":24957,"date":"2024-06-11T10:56:49","date_gmt":"2024-06-11T13:56:49","guid":{"rendered":"https:\/\/fmalicia.com.ar\/?p=24957"},"modified":"2024-06-11T10:56:50","modified_gmt":"2024-06-11T13:56:50","slug":"calchin-dos-aprehendidos-por-robo-y-secuestro-de-vehiculo-y-elementos-sustraidos","status":"publish","type":"post","link":"https:\/\/fmalicia.com.ar\/?p=24957","title":{"rendered":"CALCH\u00cdN: DOS APREHENDIDOS POR ROBO Y SECUESTRO DE VEH\u00cdCULO Y ELEMENTOS SUSTRAIDOS."},"content":{"rendered":"\n<p>13:00 hs. En un r\u00e1pido Operativo Personal Policial procedi\u00f3 a la aprehensi\u00f3n de dos masculinos de 41 y 21 a\u00f1os, sobre Ruta 13 km 75.<\/p>\n\n\n\n<p>All\u00ed <a><\/a> se controlo a estos sujetos a bordo de un utilitario marca Mercedes Benz Sprinter, en el cual transportaban 4 bater\u00edas de Antenas de Comunicaci\u00f3n y 3 Bater\u00edas de Paneles Solares, los cuales fueron sustra\u00eddos momentos antes en la Zona Rural de la Localidad de Lozada.<\/p>\n\n\n\n<figure class=\"wp-block-image size-full is-resized\"><img loading=\"lazy\" decoding=\"async\" width=\"600\" height=\"338\" src=\"https:\/\/fmalicia.com.ar\/wp-content\/uploads\/2024\/06\/sss.jpg\" alt=\"\" class=\"wp-image-24958\" style=\"width:840px;height:auto\" srcset=\"https:\/\/fmalicia.com.ar\/wp-content\/uploads\/2024\/06\/sss.jpg 600w, https:\/\/fmalicia.com.ar\/wp-content\/uploads\/2024\/06\/sss-300x169.jpg 300w\" sizes=\"auto, (max-width: 600px) 100vw, 600px\" \/><\/figure>\n","protected":false},"excerpt":{"rendered":"<p>13:00 hs. En un r\u00e1pido Operativo Personal Policial procedi\u00f3 a la aprehensi\u00f3n de dos masculinos de 41 y 21 a\u00f1os, sobre Ruta 13 km 75. All\u00ed se controlo a estos&hellip; <\/p>\n","protected":false},"author":2,"featured_media":24958,"comment_status":"closed","ping_status":"closed","sticky":false,"template":"","format":"standard","meta":{"footnotes":""},"categories":[17,3,5],"tags":[],"class_list":["post-24957","post","type-post","status-publish","format-standard","has-post-thumbnail","hentry","category-destacadas","category-policiales","category-regionales"],"views":298,"_links":{"self":[{"href":"https:\/\/fmalicia.com.ar\/index.php?rest_route=\/wp\/v2\/posts\/24957","targetHints":{"allow":["GET"]}}],"collection":[{"href":"https:\/\/fmalicia.com.ar\/index.php?rest_route=\/wp\/v2\/posts"}],"about":[{"href":"https:\/\/fmalicia.com.ar\/index.php?rest_route=\/wp\/v2\/types\/post"}],"author":[{"embeddable":true,"href":"https:\/\/fmalicia.com.ar\/index.php?rest_route=\/wp\/v2\/users\/2"}],"replies":[{"embeddable":true,"href":"https:\/\/fmalicia.com.ar\/index.php?rest_route=%2Fwp%2Fv2%2Fcomments&post=24957"}],"version-history":[{"count":1,"href":"https:\/\/fmalicia.com.ar\/index.php?rest_route=\/wp\/v2\/posts\/24957\/revisions"}],"predecessor-version":[{"id":24959,"href":"https:\/\/fmalicia.com.ar\/index.php?rest_route=\/wp\/v2\/posts\/24957\/revisions\/24959"}],"wp:featuredmedia":[{"embeddable":true,"href":"https:\/\/fmalicia.com.ar\/index.php?rest_route=\/wp\/v2\/media\/24958"}],"wp:attachment":[{"href":"https:\/\/fmalicia.com.ar\/index.php?rest_route=%2Fwp%2Fv2%2Fmedia&parent=24957"}],"wp:term":[{"taxonomy":"category","embeddable":true,"href":"https:\/\/fmalicia.com.ar\/index.php?rest_route=%2Fwp%2Fv2%2Fcategories&post=24957"},{"taxonomy":"post_tag","embeddable":true,"href":"https:\/\/fmalicia.com.ar\/index.php?rest_route=%2Fwp%2Fv2%2Ftags&post=24957"}],"curies":[{"name":"wp","href":"https:\/\/api.w.org\/{rel}","templated":true}]}}