{"id":24929,"date":"2024-06-10T10:32:47","date_gmt":"2024-06-10T13:32:47","guid":{"rendered":"https:\/\/fmalicia.com.ar\/?p=24929"},"modified":"2024-06-10T11:11:52","modified_gmt":"2024-06-10T14:11:52","slug":"fernando-coassolo-cuestiono-al-municipio-de-s-m-laspiur-por-el-sostenimiento-de-la-actividad-residual-en-el-basural-a-cielo-abierto","status":"publish","type":"post","link":"https:\/\/fmalicia.com.ar\/?p=24929","title":{"rendered":"FERNANDO COASSOLO CUESTION\u00d3 AL MUNICIPIO DE S.M.LASPIUR POR EL SOSTENIMIENTO DE LA ACTIVIDAD RESIDUAL EN EL BASURAL A CIELO ABIERTO."},"content":{"rendered":"\n<p>El ex Intendente de Laspiur y actual Concejal de la oposici\u00f3n critic\u00f3 a la Municipalidad local por no disminuir el acopio de desechos en el Basural a Cielo Abierto,al expresar que con el Proyecto de Residuos diferenciado en marcha ese espacio deber\u00eda estar casi cerrado.<\/p>\n\n\n\n<p>&#8220;Paso diariamente frente al basural y noto que se sigue acumulando basura,lo que deriva en la quema de los desechos y todo lo que eso implica&#8221;,expres\u00f3 Coassolo.<\/p>\n\n\n\n<p>El edil se\u00f1al\u00f3 que en su gesti\u00f3n se hab\u00eda disminuido la actividad en el basural y que hoy se sigue acopiando all\u00ed residuos,cuando con el Proyecto de Residuos Diferenciado eso no deber\u00eda ocurrir.<\/p>\n\n\n\n<p>&#8220;Reconozco que durante la \u00faltima etapa de nuestro gobierno se utiliz\u00f3 el Basural,pero considero que a m\u00e1s de un a\u00f1o de haber comenzado con la recolecci\u00f3n diferenciada ese espacio no deber\u00eda tener actividad. Nosotros hab\u00edamos reducido las acciones de acopio en un 60%,de hecho se aplan\u00f3 un sector&#8221;.<\/p>\n\n\n\n<p>Por \u00faltimo,lament\u00f3 que actualmente el municipio no utiliza m\u00e1s la chipeadora.<\/p>\n\n\n\n<p>&#8220;Esto genera que todas las ramas que se retiran ya no se reciclan y son trasladadas al basural para su quema. Esta claro que este gobierno tiene otras prioridades&#8221;.<\/p>\n\n\n\n<figure class=\"wp-block-image size-large\"><img loading=\"lazy\" decoding=\"async\" width=\"1024\" height=\"576\" src=\"https:\/\/fmalicia.com.ar\/wp-content\/uploads\/2024\/06\/basural-1024x576.jpg\" alt=\"\" class=\"wp-image-24930\" srcset=\"https:\/\/fmalicia.com.ar\/wp-content\/uploads\/2024\/06\/basural-1024x576.jpg 1024w, https:\/\/fmalicia.com.ar\/wp-content\/uploads\/2024\/06\/basural-300x169.jpg 300w, https:\/\/fmalicia.com.ar\/wp-content\/uploads\/2024\/06\/basural-768x432.jpg 768w, https:\/\/fmalicia.com.ar\/wp-content\/uploads\/2024\/06\/basural.jpg 1280w\" sizes=\"auto, (max-width: 1024px) 100vw, 1024px\" \/><\/figure>\n","protected":false},"excerpt":{"rendered":"<p>El ex Intendente de Laspiur y actual Concejal de la oposici\u00f3n critic\u00f3 a la Municipalidad local por no disminuir el acopio de desechos en el Basural a Cielo Abierto,al expresar&hellip; <\/p>\n","protected":false},"author":2,"featured_media":24930,"comment_status":"closed","ping_status":"closed","sticky":false,"template":"","format":"standard","meta":{"footnotes":""},"categories":[46,5,2],"tags":[],"class_list":["post-24929","post","type-post","status-publish","format-standard","has-post-thumbnail","hentry","category-politicas","category-regionales","category-sociedad"],"views":284,"_links":{"self":[{"href":"https:\/\/fmalicia.com.ar\/index.php?rest_route=\/wp\/v2\/posts\/24929","targetHints":{"allow":["GET"]}}],"collection":[{"href":"https:\/\/fmalicia.com.ar\/index.php?rest_route=\/wp\/v2\/posts"}],"about":[{"href":"https:\/\/fmalicia.com.ar\/index.php?rest_route=\/wp\/v2\/types\/post"}],"author":[{"embeddable":true,"href":"https:\/\/fmalicia.com.ar\/index.php?rest_route=\/wp\/v2\/users\/2"}],"replies":[{"embeddable":true,"href":"https:\/\/fmalicia.com.ar\/index.php?rest_route=%2Fwp%2Fv2%2Fcomments&post=24929"}],"version-history":[{"count":2,"href":"https:\/\/fmalicia.com.ar\/index.php?rest_route=\/wp\/v2\/posts\/24929\/revisions"}],"predecessor-version":[{"id":24950,"href":"https:\/\/fmalicia.com.ar\/index.php?rest_route=\/wp\/v2\/posts\/24929\/revisions\/24950"}],"wp:featuredmedia":[{"embeddable":true,"href":"https:\/\/fmalicia.com.ar\/index.php?rest_route=\/wp\/v2\/media\/24930"}],"wp:attachment":[{"href":"https:\/\/fmalicia.com.ar\/index.php?rest_route=%2Fwp%2Fv2%2Fmedia&parent=24929"}],"wp:term":[{"taxonomy":"category","embeddable":true,"href":"https:\/\/fmalicia.com.ar\/index.php?rest_route=%2Fwp%2Fv2%2Fcategories&post=24929"},{"taxonomy":"post_tag","embeddable":true,"href":"https:\/\/fmalicia.com.ar\/index.php?rest_route=%2Fwp%2Fv2%2Ftags&post=24929"}],"curies":[{"name":"wp","href":"https:\/\/api.w.org\/{rel}","templated":true}]}}