{"id":24917,"date":"2024-06-10T10:18:39","date_gmt":"2024-06-10T13:18:39","guid":{"rendered":"https:\/\/fmalicia.com.ar\/?p=24917"},"modified":"2024-06-10T10:18:40","modified_gmt":"2024-06-10T13:18:40","slug":"municipalidad-de-pozo-del-molle-clausuro-un-circo","status":"publish","type":"post","link":"https:\/\/fmalicia.com.ar\/?p=24917","title":{"rendered":"Municipalidad de Pozo del Molle clausur\u00f3 un circo"},"content":{"rendered":"\n<h4 class=\"wp-block-heading\">Luego de un operativo de la Polic\u00eda Federal y de la Polic\u00eda Ambiental de C\u00f3rdoba, la Municipalidad de Pozo del Molle clausur\u00f3 un circo que estaba instalado en la localidad.<\/h4>\n\n\n\n<h4 class=\"wp-block-heading\">Los uniformados encontraron una mona caray\u00e1 en cautiverio y en mal estado de salud.<\/h4>\n\n\n\n<h4 class=\"wp-block-heading\">Se trata de un ejemplar protegido por la ley &nbsp;de conservaci\u00f3n de la fauna debido a que es una de las especies en riesgo de extinci\u00f3n.<\/h4>\n\n\n\n<h4 class=\"wp-block-heading\">Durante la inspecci\u00f3n los efectivos descubrieron a la mona dentro de una jaula. Seg\u00fan detallaron, tiene 18 a\u00f1os y estaba en estado de salud reservado.<\/h4>\n\n\n\n<h4 class=\"wp-block-heading\">La trasladaron a la reserva Proyecto Caray\u00e1 en La Cumbre para la cuarentena sanitaria.<\/h4>\n\n\n\n<h4 class=\"wp-block-heading\">En el circo identificaron a un hombre de 47 a\u00f1os como due\u00f1o, a quien notificaron por infringir la ley provincial de fauna.<\/h4>\n\n\n\n<figure class=\"wp-block-image size-full\"><img loading=\"lazy\" decoding=\"async\" width=\"400\" height=\"400\" src=\"https:\/\/fmalicia.com.ar\/wp-content\/uploads\/2024\/06\/caraya.png\" alt=\"\" class=\"wp-image-24918\" srcset=\"https:\/\/fmalicia.com.ar\/wp-content\/uploads\/2024\/06\/caraya.png 400w, https:\/\/fmalicia.com.ar\/wp-content\/uploads\/2024\/06\/caraya-300x300.png 300w, https:\/\/fmalicia.com.ar\/wp-content\/uploads\/2024\/06\/caraya-150x150.png 150w\" sizes=\"auto, (max-width: 400px) 100vw, 400px\" \/><\/figure>\n","protected":false},"excerpt":{"rendered":"<p>Luego de un operativo de la Polic\u00eda Federal y de la Polic\u00eda Ambiental de C\u00f3rdoba, la Municipalidad de Pozo del Molle clausur\u00f3 un circo que estaba instalado en la localidad.&hellip; <\/p>\n","protected":false},"author":2,"featured_media":24918,"comment_status":"closed","ping_status":"closed","sticky":false,"template":"","format":"standard","meta":{"footnotes":""},"categories":[17,5],"tags":[],"class_list":["post-24917","post","type-post","status-publish","format-standard","has-post-thumbnail","hentry","category-destacadas","category-regionales"],"views":252,"_links":{"self":[{"href":"https:\/\/fmalicia.com.ar\/index.php?rest_route=\/wp\/v2\/posts\/24917","targetHints":{"allow":["GET"]}}],"collection":[{"href":"https:\/\/fmalicia.com.ar\/index.php?rest_route=\/wp\/v2\/posts"}],"about":[{"href":"https:\/\/fmalicia.com.ar\/index.php?rest_route=\/wp\/v2\/types\/post"}],"author":[{"embeddable":true,"href":"https:\/\/fmalicia.com.ar\/index.php?rest_route=\/wp\/v2\/users\/2"}],"replies":[{"embeddable":true,"href":"https:\/\/fmalicia.com.ar\/index.php?rest_route=%2Fwp%2Fv2%2Fcomments&post=24917"}],"version-history":[{"count":1,"href":"https:\/\/fmalicia.com.ar\/index.php?rest_route=\/wp\/v2\/posts\/24917\/revisions"}],"predecessor-version":[{"id":24919,"href":"https:\/\/fmalicia.com.ar\/index.php?rest_route=\/wp\/v2\/posts\/24917\/revisions\/24919"}],"wp:featuredmedia":[{"embeddable":true,"href":"https:\/\/fmalicia.com.ar\/index.php?rest_route=\/wp\/v2\/media\/24918"}],"wp:attachment":[{"href":"https:\/\/fmalicia.com.ar\/index.php?rest_route=%2Fwp%2Fv2%2Fmedia&parent=24917"}],"wp:term":[{"taxonomy":"category","embeddable":true,"href":"https:\/\/fmalicia.com.ar\/index.php?rest_route=%2Fwp%2Fv2%2Fcategories&post=24917"},{"taxonomy":"post_tag","embeddable":true,"href":"https:\/\/fmalicia.com.ar\/index.php?rest_route=%2Fwp%2Fv2%2Ftags&post=24917"}],"curies":[{"name":"wp","href":"https:\/\/api.w.org\/{rel}","templated":true}]}}