{"id":24901,"date":"2024-06-04T11:03:11","date_gmt":"2024-06-04T14:03:11","guid":{"rendered":"https:\/\/fmalicia.com.ar\/?p=24901"},"modified":"2024-06-04T11:03:12","modified_gmt":"2024-06-04T14:03:12","slug":"cespal-informa-corte-de-energia-programado-3","status":"publish","type":"post","link":"https:\/\/fmalicia.com.ar\/?p=24901","title":{"rendered":"CESPAL INFORMA CORTE DE ENERGIA PROGRAMADO"},"content":{"rendered":"\n<p>Mi\u00e9rcoles 5 de Junio de 12 a 14,30 hs. si las condiciones del tiempo lo permiten<\/p>\n\n\n\n<p>Por trabajos en l\u00ednea de transmisi\u00f3n, afectando a Zona urbana y rural de Alicia y El Fort\u00edn<\/p>\n\n\n\n<figure class=\"wp-block-image size-full\"><img loading=\"lazy\" decoding=\"async\" width=\"960\" height=\"594\" src=\"https:\/\/fmalicia.com.ar\/wp-content\/uploads\/2024\/05\/zzzzzzzzzzzzzzzzzzzzzzz.jpg\" alt=\"\" class=\"wp-image-24140\" srcset=\"https:\/\/fmalicia.com.ar\/wp-content\/uploads\/2024\/05\/zzzzzzzzzzzzzzzzzzzzzzz.jpg 960w, https:\/\/fmalicia.com.ar\/wp-content\/uploads\/2024\/05\/zzzzzzzzzzzzzzzzzzzzzzz-300x186.jpg 300w, https:\/\/fmalicia.com.ar\/wp-content\/uploads\/2024\/05\/zzzzzzzzzzzzzzzzzzzzzzz-768x475.jpg 768w\" sizes=\"auto, (max-width: 960px) 100vw, 960px\" \/><\/figure>\n","protected":false},"excerpt":{"rendered":"<p>Mi\u00e9rcoles 5 de Junio de 12 a 14,30 hs. si las condiciones del tiempo lo permiten Por trabajos en l\u00ednea de transmisi\u00f3n, afectando a Zona urbana y rural de Alicia&hellip; <\/p>\n","protected":false},"author":2,"featured_media":23421,"comment_status":"closed","ping_status":"closed","sticky":false,"template":"","format":"standard","meta":{"footnotes":""},"categories":[17,4,5,2],"tags":[],"class_list":["post-24901","post","type-post","status-publish","format-standard","has-post-thumbnail","hentry","category-destacadas","category-locales","category-regionales","category-sociedad"],"views":299,"_links":{"self":[{"href":"https:\/\/fmalicia.com.ar\/index.php?rest_route=\/wp\/v2\/posts\/24901","targetHints":{"allow":["GET"]}}],"collection":[{"href":"https:\/\/fmalicia.com.ar\/index.php?rest_route=\/wp\/v2\/posts"}],"about":[{"href":"https:\/\/fmalicia.com.ar\/index.php?rest_route=\/wp\/v2\/types\/post"}],"author":[{"embeddable":true,"href":"https:\/\/fmalicia.com.ar\/index.php?rest_route=\/wp\/v2\/users\/2"}],"replies":[{"embeddable":true,"href":"https:\/\/fmalicia.com.ar\/index.php?rest_route=%2Fwp%2Fv2%2Fcomments&post=24901"}],"version-history":[{"count":3,"href":"https:\/\/fmalicia.com.ar\/index.php?rest_route=\/wp\/v2\/posts\/24901\/revisions"}],"predecessor-version":[{"id":24905,"href":"https:\/\/fmalicia.com.ar\/index.php?rest_route=\/wp\/v2\/posts\/24901\/revisions\/24905"}],"wp:featuredmedia":[{"embeddable":true,"href":"https:\/\/fmalicia.com.ar\/index.php?rest_route=\/wp\/v2\/media\/23421"}],"wp:attachment":[{"href":"https:\/\/fmalicia.com.ar\/index.php?rest_route=%2Fwp%2Fv2%2Fmedia&parent=24901"}],"wp:term":[{"taxonomy":"category","embeddable":true,"href":"https:\/\/fmalicia.com.ar\/index.php?rest_route=%2Fwp%2Fv2%2Fcategories&post=24901"},{"taxonomy":"post_tag","embeddable":true,"href":"https:\/\/fmalicia.com.ar\/index.php?rest_route=%2Fwp%2Fv2%2Ftags&post=24901"}],"curies":[{"name":"wp","href":"https:\/\/api.w.org\/{rel}","templated":true}]}}