{"id":24897,"date":"2024-06-04T09:49:31","date_gmt":"2024-06-04T12:49:31","guid":{"rendered":"https:\/\/fmalicia.com.ar\/?p=24897"},"modified":"2024-06-04T09:49:32","modified_gmt":"2024-06-04T12:49:32","slug":"multimillonario-contrabando-de-granos-con-varios-aprendidos-en-la-region","status":"publish","type":"post","link":"https:\/\/fmalicia.com.ar\/?p=24897","title":{"rendered":"Multimillonario contrabando de granos con varios aprendidos en la regi\u00f3n"},"content":{"rendered":"\n<h2 class=\"wp-block-heading\">EST\u00c1N ACUSADAS DOS EMPRESAS DE LOG\u00cdSTICA Y ALMACENAMIENTO<\/h2>\n\n\n\n<h1 class=\"wp-block-heading\">Fuente: El Diario de Villa Mar\u00eda<\/h1>\n\n\n\n<p><strong>Grandes camiones eran utilizados para el transporte ilegal de cereales y oleaginosas que ingresaban a Brasil por pasos no permitidos. Hubo detenciones en Camilo Aldao y Marcos Ju\u00e1rez e intervinieron agentes federales de Bell Ville, Villa Mar\u00eda, General Deheza y San Francisco<\/strong>. <\/p>\n\n\n\n<p><a href=\"https:\/\/www.eldiariocba.com.ar\/policiales\/2024\/6\/3\/multimillonario-contrabando-de-granos-con-varios-aprehendidos-en-la-region-116506.html\">Por\u00a0Redacci\u00f3n El Diario del centro del pa\u00eds<\/a><\/p>\n\n\n\n<p>En el marco de investigaciones para combatir los delitos de contrabando, la Polic\u00eda Federal Argentina desarticul\u00f3 a una banda que se dedicaba al traspaso ilegal de granos en las provincias de Chaco y Misiones, para luego transportarlos de forma irregular a la Rep\u00fablica Federativa del Brasil.<\/p>\n\n\n\n<p>Personal de la Divisi\u00f3n Unidad Operativa Federal Bell Ville, llev\u00f3 adelante la investigaci\u00f3n que permiti\u00f3 descubrir las operaciones ilegales que sacaban del pa\u00eds toneladas de granos sin ser declaradas.<\/p>\n\n\n\n<p>Debido a la magnitud de las operaciones indagadas, se cont\u00f3 con la colaboraci\u00f3n de personal de las Unidades Operativas Villa Mar\u00eda, General Deheza y San Francisco, todas pertenecientes a la Polic\u00eda Federal Argentina.<\/p>\n\n\n\n<p><strong>Denuncia e investigaci\u00f3n<\/strong><\/p>\n\n\n\n<p>Dichas investigaciones se iniciaron a ra\u00edz de una denuncia que inform\u00f3 sobre el transporte ilegal de cereales y oleaginosas en camiones de gran porte, pertenecientes a dos importantes empresas dedicadas a la log\u00edstica y el almacenamiento en dep\u00f3sitos de granos tipo silos, ambas con asiento en la Provincia de C\u00f3rdoba.<\/p>\n\n\n\n<p>Las maniobras consist\u00edan en trasladar la mercader\u00eda desde la provincia de Chaco hacia Misiones, para luego fraccionarla y empaquetarla en bolsones que posteriormente ser\u00edan llevados en embarcaciones clandestinas hacia Brasil, a trav\u00e9s de pasos fronterizos no autorizados en el r\u00edo Uruguay, generando de este modo una malversaci\u00f3n de fondos multimillonaria.<\/p>\n\n\n\n<p>Contando con el total de las pruebas aportadas, el Juzgado Federal de Bell Ville a cargo del fiscal Sergio Pinto, Secretar\u00eda Penal del doctor Juan Manuel Almada, orden\u00f3 cuatro allanamientos, tres de ellos en la localidad de Camilo Aldao y, el restante, en la ciudad de Marcos Ju\u00e1rez, todos en la provincia de C\u00f3rdoba.<\/p>\n\n\n\n<p><strong>Allanamientos y presos<\/strong><\/p>\n\n\n\n<p>Durante los operativos, se pudo detener a dos hombres y una mujer, procedi\u00e9ndose tambi\u00e9n al secuestro de cinco tel\u00e9fonos celulares, tres pendrives, cuatro tickets de dep\u00f3sito, 10 cartas portes electr\u00f3nicas de una de las empresas transportistas investigadas, ocho tickets de carga de combustible, una agenda con diversas anotaciones, 20 tickets de descarga de cereal, un cheque de pago y dem\u00e1s documentaci\u00f3n de inter\u00e9s para la causa, as\u00ed como dinero en efectivo (foto).<\/p>\n\n\n\n<p>Los tres detenidos, todos ellos argentinos y mayores de edad, junto a los elementos incautados, quedaron a disposici\u00f3n del magistrado Interventor por infracci\u00f3n a la Ley del C\u00f3digo Aduanero.<\/p>\n\n\n\n<figure class=\"wp-block-image size-full\"><img loading=\"lazy\" decoding=\"async\" width=\"685\" height=\"385\" src=\"https:\/\/fmalicia.com.ar\/wp-content\/uploads\/2024\/06\/qqq.webp\" alt=\"\" class=\"wp-image-24899\" srcset=\"https:\/\/fmalicia.com.ar\/wp-content\/uploads\/2024\/06\/qqq.webp 685w, https:\/\/fmalicia.com.ar\/wp-content\/uploads\/2024\/06\/qqq-300x169.webp 300w\" sizes=\"auto, (max-width: 685px) 100vw, 685px\" \/><\/figure>\n","protected":false},"excerpt":{"rendered":"<p>EST\u00c1N ACUSADAS DOS EMPRESAS DE LOG\u00cdSTICA Y ALMACENAMIENTO Fuente: El Diario de Villa Mar\u00eda Grandes camiones eran utilizados para el transporte ilegal de cereales y oleaginosas que ingresaban a Brasil&hellip; <\/p>\n","protected":false},"author":2,"featured_media":24899,"comment_status":"closed","ping_status":"closed","sticky":false,"template":"","format":"standard","meta":{"footnotes":""},"categories":[17,3,5],"tags":[],"class_list":["post-24897","post","type-post","status-publish","format-standard","has-post-thumbnail","hentry","category-destacadas","category-policiales","category-regionales"],"views":138,"_links":{"self":[{"href":"https:\/\/fmalicia.com.ar\/index.php?rest_route=\/wp\/v2\/posts\/24897","targetHints":{"allow":["GET"]}}],"collection":[{"href":"https:\/\/fmalicia.com.ar\/index.php?rest_route=\/wp\/v2\/posts"}],"about":[{"href":"https:\/\/fmalicia.com.ar\/index.php?rest_route=\/wp\/v2\/types\/post"}],"author":[{"embeddable":true,"href":"https:\/\/fmalicia.com.ar\/index.php?rest_route=\/wp\/v2\/users\/2"}],"replies":[{"embeddable":true,"href":"https:\/\/fmalicia.com.ar\/index.php?rest_route=%2Fwp%2Fv2%2Fcomments&post=24897"}],"version-history":[{"count":2,"href":"https:\/\/fmalicia.com.ar\/index.php?rest_route=\/wp\/v2\/posts\/24897\/revisions"}],"predecessor-version":[{"id":24900,"href":"https:\/\/fmalicia.com.ar\/index.php?rest_route=\/wp\/v2\/posts\/24897\/revisions\/24900"}],"wp:featuredmedia":[{"embeddable":true,"href":"https:\/\/fmalicia.com.ar\/index.php?rest_route=\/wp\/v2\/media\/24899"}],"wp:attachment":[{"href":"https:\/\/fmalicia.com.ar\/index.php?rest_route=%2Fwp%2Fv2%2Fmedia&parent=24897"}],"wp:term":[{"taxonomy":"category","embeddable":true,"href":"https:\/\/fmalicia.com.ar\/index.php?rest_route=%2Fwp%2Fv2%2Fcategories&post=24897"},{"taxonomy":"post_tag","embeddable":true,"href":"https:\/\/fmalicia.com.ar\/index.php?rest_route=%2Fwp%2Fv2%2Ftags&post=24897"}],"curies":[{"name":"wp","href":"https:\/\/api.w.org\/{rel}","templated":true}]}}