{"id":24789,"date":"2024-05-30T08:00:21","date_gmt":"2024-05-30T11:00:21","guid":{"rendered":"https:\/\/fmalicia.com.ar\/?p=24789"},"modified":"2024-05-30T08:24:01","modified_gmt":"2024-05-30T11:24:01","slug":"el-ministerio-de-seguridad-decreto-el-estado-de-alerta-ambiental-por-riesgo-de-incendios","status":"publish","type":"post","link":"https:\/\/fmalicia.com.ar\/?p=24789","title":{"rendered":"El Ministerio de Seguridad decret\u00f3 el estado de alerta ambiental por riesgo de incendios"},"content":{"rendered":"\n<p>El Ministerio de Seguridad decret\u00f3 el estado de alerta ambiental por riesgo de incendios en todo el territorio provincial. Como cada temporada, la medida se fundamenta en factores estacionales, propios del oto\u00f1o e invierno, cuando se agravan las situaciones de sequ\u00eda, sumado a heladas tempranas, afectando especialmente a las zonas serranas y a las agro-ganaderas.<\/p>\n\n\n\n<p>El decreto, publicado este martes en el Bolet\u00edn Oficial, establece que la medida tendr\u00e1 vigencia hasta el 31 de diciembre del corriente a\u00f1o.<\/p>\n\n\n\n<p>Entre otros puntos, la alerta ambiental por riesgo de incendios fija la prohibici\u00f3n de encendido de cualquier tipo de fuego en lugares no permitidos, adem\u00e1s de toda actividad que pueda dar origen a un incendio.<\/p>\n\n\n\n<p><em>\u201cAdem\u00e1s de da\u00f1os personales, provocan grav\u00edsimas consecuencias patrimoniales, afectando la producci\u00f3n, el turismo y otras numerosas actividades, como as\u00ed tambi\u00e9n la destrucci\u00f3n de \u00e1reas naturales, el deterioro de la flora y fauna, lagos, la desertificaci\u00f3n y erosi\u00f3n del suelo, por lo que se impone la obligaci\u00f3n de arbitrar las medidas necesarias para prevenir dichas consecuencias\u201d<\/em>, advierte el texto del decreto.<\/p>\n\n\n\n<figure class=\"wp-block-image size-full\"><img loading=\"lazy\" decoding=\"async\" width=\"750\" height=\"375\" src=\"https:\/\/fmalicia.com.ar\/wp-content\/uploads\/2024\/05\/12.jpeg\" alt=\"\" class=\"wp-image-24791\" srcset=\"https:\/\/fmalicia.com.ar\/wp-content\/uploads\/2024\/05\/12.jpeg 750w, https:\/\/fmalicia.com.ar\/wp-content\/uploads\/2024\/05\/12-300x150.jpeg 300w\" sizes=\"auto, (max-width: 750px) 100vw, 750px\" \/><\/figure>\n","protected":false},"excerpt":{"rendered":"<p>El Ministerio de Seguridad decret\u00f3 el estado de alerta ambiental por riesgo de incendios en todo el territorio provincial. Como cada temporada, la medida se fundamenta en factores estacionales, propios&hellip; <\/p>\n","protected":false},"author":2,"featured_media":24791,"comment_status":"closed","ping_status":"closed","sticky":false,"template":"","format":"standard","meta":{"footnotes":""},"categories":[17,6],"tags":[],"class_list":["post-24789","post","type-post","status-publish","format-standard","has-post-thumbnail","hentry","category-destacadas","category-provinciales"],"views":161,"_links":{"self":[{"href":"https:\/\/fmalicia.com.ar\/index.php?rest_route=\/wp\/v2\/posts\/24789","targetHints":{"allow":["GET"]}}],"collection":[{"href":"https:\/\/fmalicia.com.ar\/index.php?rest_route=\/wp\/v2\/posts"}],"about":[{"href":"https:\/\/fmalicia.com.ar\/index.php?rest_route=\/wp\/v2\/types\/post"}],"author":[{"embeddable":true,"href":"https:\/\/fmalicia.com.ar\/index.php?rest_route=\/wp\/v2\/users\/2"}],"replies":[{"embeddable":true,"href":"https:\/\/fmalicia.com.ar\/index.php?rest_route=%2Fwp%2Fv2%2Fcomments&post=24789"}],"version-history":[{"count":2,"href":"https:\/\/fmalicia.com.ar\/index.php?rest_route=\/wp\/v2\/posts\/24789\/revisions"}],"predecessor-version":[{"id":24792,"href":"https:\/\/fmalicia.com.ar\/index.php?rest_route=\/wp\/v2\/posts\/24789\/revisions\/24792"}],"wp:featuredmedia":[{"embeddable":true,"href":"https:\/\/fmalicia.com.ar\/index.php?rest_route=\/wp\/v2\/media\/24791"}],"wp:attachment":[{"href":"https:\/\/fmalicia.com.ar\/index.php?rest_route=%2Fwp%2Fv2%2Fmedia&parent=24789"}],"wp:term":[{"taxonomy":"category","embeddable":true,"href":"https:\/\/fmalicia.com.ar\/index.php?rest_route=%2Fwp%2Fv2%2Fcategories&post=24789"},{"taxonomy":"post_tag","embeddable":true,"href":"https:\/\/fmalicia.com.ar\/index.php?rest_route=%2Fwp%2Fv2%2Ftags&post=24789"}],"curies":[{"name":"wp","href":"https:\/\/api.w.org\/{rel}","templated":true}]}}