{"id":24778,"date":"2024-06-09T07:09:04","date_gmt":"2024-06-09T10:09:04","guid":{"rendered":"https:\/\/fmalicia.com.ar\/?p=24778"},"modified":"2024-06-10T10:40:08","modified_gmt":"2024-06-10T13:40:08","slug":"se-viene-otra-edicion-de-fiestas-julias-nacionales","status":"publish","type":"post","link":"https:\/\/fmalicia.com.ar\/?p=24778","title":{"rendered":"Mariano Combina habla de la 104\u00b0 Edici\u00f3n de Fiestas Julias Nacionales"},"content":{"rendered":"\n<p>Convers\u00f3 con FM Alicia el actual Presidente de la Comisi\u00f3n Directiva Sr. Mariano Combina de la Edici\u00f3n 2024 que se realizar\u00e1 todo en la noche del s\u00e1bado 6 de Julio. En cuanto a lo que incluir\u00eda esta edici\u00f3n como n\u00fameros art\u00edsticos folkl\u00f3ricos, adem\u00e1s del destacado &#8220;Ballet 9 de Julio&#8221; dirigido por la prof. Lorena Bossio, el regreso a Alicia de Ram\u00f3n Lacube y Los Quijanos y Los del Horizonte, adem\u00e1s de otros atractivos.Aqu\u00ed la nota<\/p>\n\n\n\n<div><iframe loading=\"lazy\" width=\"300\" height=\"60\" src=\"https:\/\/vocaroo.com\/embed\/17yZwCzEAHx9?autoplay=0\" frameborder=\"0\" allow=\"autoplay\"><\/iframe><br><a href=\"https:\/\/voca.ro\/17yZwCzEAHx9\" title=\"Grabadora de voz Vocaroo\" target=\"_blank\" rel=\"noopener\">Ver en Vocaroo &gt;&gt;<\/a><\/div>\n\n\n\n<figure class=\"wp-block-embed is-type-video is-provider-youtube wp-block-embed-youtube wp-embed-aspect-16-9 wp-has-aspect-ratio\"><div class=\"wp-block-embed__wrapper\">\n<iframe loading=\"lazy\" title=\"Los Kijanos - A Trav\u00e9s Del Vaso [Official Video]\" width=\"1110\" height=\"624\" src=\"https:\/\/www.youtube.com\/embed\/65gpjcXPbeQ?feature=oembed\" frameborder=\"0\" allow=\"accelerometer; autoplay; clipboard-write; encrypted-media; gyroscope; picture-in-picture; web-share\" referrerpolicy=\"strict-origin-when-cross-origin\" allowfullscreen><\/iframe>\n<\/div><\/figure>\n\n\n\n<figure class=\"wp-block-image size-large\"><img loading=\"lazy\" decoding=\"async\" width=\"1024\" height=\"682\" src=\"https:\/\/fmalicia.com.ar\/wp-content\/uploads\/2024\/05\/rei-1024x682.jpg\" alt=\"\" class=\"wp-image-24780\" srcset=\"https:\/\/fmalicia.com.ar\/wp-content\/uploads\/2024\/05\/rei-1024x682.jpg 1024w, https:\/\/fmalicia.com.ar\/wp-content\/uploads\/2024\/05\/rei-300x200.jpg 300w, https:\/\/fmalicia.com.ar\/wp-content\/uploads\/2024\/05\/rei-768x512.jpg 768w, https:\/\/fmalicia.com.ar\/wp-content\/uploads\/2024\/05\/rei-1536x1023.jpg 1536w, https:\/\/fmalicia.com.ar\/wp-content\/uploads\/2024\/05\/rei.jpg 1600w\" sizes=\"auto, (max-width: 1024px) 100vw, 1024px\" \/><\/figure>\n","protected":false},"excerpt":{"rendered":"<p>Convers\u00f3 con FM Alicia el actual Presidente de la Comisi\u00f3n Directiva Sr. Mariano Combina de la Edici\u00f3n 2024 que se realizar\u00e1 todo en la noche del s\u00e1bado 6 de Julio.&hellip; <\/p>\n","protected":false},"author":2,"featured_media":24780,"comment_status":"closed","ping_status":"closed","sticky":false,"template":"","format":"standard","meta":{"footnotes":""},"categories":[1,17,4,7],"tags":[],"class_list":["post-24778","post","type-post","status-publish","format-standard","has-post-thumbnail","hentry","category-culturales","category-destacadas","category-locales","category-nacionales"],"views":1194,"_links":{"self":[{"href":"https:\/\/fmalicia.com.ar\/index.php?rest_route=\/wp\/v2\/posts\/24778","targetHints":{"allow":["GET"]}}],"collection":[{"href":"https:\/\/fmalicia.com.ar\/index.php?rest_route=\/wp\/v2\/posts"}],"about":[{"href":"https:\/\/fmalicia.com.ar\/index.php?rest_route=\/wp\/v2\/types\/post"}],"author":[{"embeddable":true,"href":"https:\/\/fmalicia.com.ar\/index.php?rest_route=\/wp\/v2\/users\/2"}],"replies":[{"embeddable":true,"href":"https:\/\/fmalicia.com.ar\/index.php?rest_route=%2Fwp%2Fv2%2Fcomments&post=24778"}],"version-history":[{"count":6,"href":"https:\/\/fmalicia.com.ar\/index.php?rest_route=\/wp\/v2\/posts\/24778\/revisions"}],"predecessor-version":[{"id":24829,"href":"https:\/\/fmalicia.com.ar\/index.php?rest_route=\/wp\/v2\/posts\/24778\/revisions\/24829"}],"wp:featuredmedia":[{"embeddable":true,"href":"https:\/\/fmalicia.com.ar\/index.php?rest_route=\/wp\/v2\/media\/24780"}],"wp:attachment":[{"href":"https:\/\/fmalicia.com.ar\/index.php?rest_route=%2Fwp%2Fv2%2Fmedia&parent=24778"}],"wp:term":[{"taxonomy":"category","embeddable":true,"href":"https:\/\/fmalicia.com.ar\/index.php?rest_route=%2Fwp%2Fv2%2Fcategories&post=24778"},{"taxonomy":"post_tag","embeddable":true,"href":"https:\/\/fmalicia.com.ar\/index.php?rest_route=%2Fwp%2Fv2%2Ftags&post=24778"}],"curies":[{"name":"wp","href":"https:\/\/api.w.org\/{rel}","templated":true}]}}