{"id":24770,"date":"2024-05-30T07:45:29","date_gmt":"2024-05-30T10:45:29","guid":{"rendered":"https:\/\/fmalicia.com.ar\/?p=24770"},"modified":"2024-05-30T07:45:29","modified_gmt":"2024-05-30T10:45:29","slug":"la-academia-gloria-lopez-diaz-cumple-70-anos-en-las-varillas","status":"publish","type":"post","link":"https:\/\/fmalicia.com.ar\/?p=24770","title":{"rendered":"La Academia Gloria L\u00f3pez D\u00edaz cumple 70 a\u00f1os en Las Varillas"},"content":{"rendered":"\n<h4 class=\"wp-block-heading\">La Academia Gloria L\u00f3pez D\u00edaz dio a conocer la programaci\u00f3n que llevar\u00e1 a cabo para celebrar sus 70 a\u00f1os de\u00a0 vida en  la ciudad de Las Varillas.<\/h4>\n\n\n\n<h4 class=\"wp-block-heading\">La director Cristina Fonseca record\u00f3 que el incorporado comenz\u00f3 con la profesora Lidia de Rosso quien daba clases en su casa y luego enumer\u00f3 \u00a0los distintos lugares, entre ellos la Biblioteca Sarmiento \u00a0en los que se desempe\u00f1aron hasta llegar a la casa propia en calle Avellaneda.<\/h4>\n\n\n\n<h4 class=\"wp-block-heading\">La profesora anticip\u00f3 que \u00a0entre las celebraciones que se desarrollar\u00e1n hasta fin de a\u00f1o habr\u00e1 una noche protocolar en el Teatro Col\u00f3n el 10 de agosto y un \u00a0d\u00eda despu\u00e9s la Fiesta de la Pachamama, tambi\u00e9n \u00a0la inauguraci\u00f3n \u00a0de una Apacheta frente a la academia y el acto de cierre a fin de a\u00f1o nuevamente en el Teatro Col\u00f3n. \u00a0<\/h4>\n\n\n\n<figure class=\"wp-block-image size-large\"><img loading=\"lazy\" decoding=\"async\" width=\"1024\" height=\"512\" src=\"https:\/\/fmalicia.com.ar\/wp-content\/uploads\/2024\/05\/glo-1024x512.jpg\" alt=\"\" class=\"wp-image-24771\" srcset=\"https:\/\/fmalicia.com.ar\/wp-content\/uploads\/2024\/05\/glo-1024x512.jpg 1024w, https:\/\/fmalicia.com.ar\/wp-content\/uploads\/2024\/05\/glo-300x150.jpg 300w, https:\/\/fmalicia.com.ar\/wp-content\/uploads\/2024\/05\/glo-768x384.jpg 768w, https:\/\/fmalicia.com.ar\/wp-content\/uploads\/2024\/05\/glo.jpg 1140w\" sizes=\"auto, (max-width: 1024px) 100vw, 1024px\" \/><\/figure>\n","protected":false},"excerpt":{"rendered":"<p>La Academia Gloria L\u00f3pez D\u00edaz dio a conocer la programaci\u00f3n que llevar\u00e1 a cabo para celebrar sus 70 a\u00f1os de\u00a0 vida en la ciudad de Las Varillas. La director Cristina&hellip; <\/p>\n","protected":false},"author":2,"featured_media":24771,"comment_status":"closed","ping_status":"closed","sticky":false,"template":"","format":"standard","meta":{"footnotes":""},"categories":[1,5,2],"tags":[],"class_list":["post-24770","post","type-post","status-publish","format-standard","has-post-thumbnail","hentry","category-culturales","category-regionales","category-sociedad"],"views":498,"_links":{"self":[{"href":"https:\/\/fmalicia.com.ar\/index.php?rest_route=\/wp\/v2\/posts\/24770","targetHints":{"allow":["GET"]}}],"collection":[{"href":"https:\/\/fmalicia.com.ar\/index.php?rest_route=\/wp\/v2\/posts"}],"about":[{"href":"https:\/\/fmalicia.com.ar\/index.php?rest_route=\/wp\/v2\/types\/post"}],"author":[{"embeddable":true,"href":"https:\/\/fmalicia.com.ar\/index.php?rest_route=\/wp\/v2\/users\/2"}],"replies":[{"embeddable":true,"href":"https:\/\/fmalicia.com.ar\/index.php?rest_route=%2Fwp%2Fv2%2Fcomments&post=24770"}],"version-history":[{"count":1,"href":"https:\/\/fmalicia.com.ar\/index.php?rest_route=\/wp\/v2\/posts\/24770\/revisions"}],"predecessor-version":[{"id":24772,"href":"https:\/\/fmalicia.com.ar\/index.php?rest_route=\/wp\/v2\/posts\/24770\/revisions\/24772"}],"wp:featuredmedia":[{"embeddable":true,"href":"https:\/\/fmalicia.com.ar\/index.php?rest_route=\/wp\/v2\/media\/24771"}],"wp:attachment":[{"href":"https:\/\/fmalicia.com.ar\/index.php?rest_route=%2Fwp%2Fv2%2Fmedia&parent=24770"}],"wp:term":[{"taxonomy":"category","embeddable":true,"href":"https:\/\/fmalicia.com.ar\/index.php?rest_route=%2Fwp%2Fv2%2Fcategories&post=24770"},{"taxonomy":"post_tag","embeddable":true,"href":"https:\/\/fmalicia.com.ar\/index.php?rest_route=%2Fwp%2Fv2%2Ftags&post=24770"}],"curies":[{"name":"wp","href":"https:\/\/api.w.org\/{rel}","templated":true}]}}