{"id":24758,"date":"2024-05-29T11:23:07","date_gmt":"2024-05-29T14:23:07","guid":{"rendered":"https:\/\/fmalicia.com.ar\/?p=24758"},"modified":"2024-05-29T11:57:08","modified_gmt":"2024-05-29T14:57:08","slug":"el-gobierno-de-alicia-firmo-importante-convenio","status":"publish","type":"post","link":"https:\/\/fmalicia.com.ar\/?p=24758","title":{"rendered":"El Gobierno de Alicia firm\u00f3 importante convenio"},"content":{"rendered":"\n<p>El Gobierno de Alicia firm\u00f3 un convenio para desarrollar acciones de cooperaci\u00f3n y colaboraci\u00f3n rec\u00edproca con el Ministerio Seguridad C\u00f3rdoba, en presencia del Secretario de Prevenci\u00f3n y Coordinaci\u00f3n Institucional Dr. Jos\u00e9 Cesar Gualdoni para la implementaci\u00f3n de dicho Programa, en el marco de la Ley 10.954 &#x25aa;\ufe0e<\/p>\n\n\n\n<p>\u25cf Este Convenio contempla la capacitaci\u00f3n de las personas que integran las Guardias Locales de Prevenci\u00f3n y Convivencia, quienes cursar\u00e1n el Diplomado en Seguridad y Convivencia en la Universidad Nac. de Villa Mar\u00eda.<\/p>\n\n\n\n<figure class=\"wp-block-image size-full\"><img loading=\"lazy\" decoding=\"async\" width=\"988\" height=\"988\" src=\"https:\/\/fmalicia.com.ar\/wp-content\/uploads\/2024\/05\/WhatsApp-Image-2024-05-29-at-11.02.00-AM.jpeg\" alt=\"\" class=\"wp-image-24759\" srcset=\"https:\/\/fmalicia.com.ar\/wp-content\/uploads\/2024\/05\/WhatsApp-Image-2024-05-29-at-11.02.00-AM.jpeg 988w, https:\/\/fmalicia.com.ar\/wp-content\/uploads\/2024\/05\/WhatsApp-Image-2024-05-29-at-11.02.00-AM-300x300.jpeg 300w, https:\/\/fmalicia.com.ar\/wp-content\/uploads\/2024\/05\/WhatsApp-Image-2024-05-29-at-11.02.00-AM-150x150.jpeg 150w, https:\/\/fmalicia.com.ar\/wp-content\/uploads\/2024\/05\/WhatsApp-Image-2024-05-29-at-11.02.00-AM-768x768.jpeg 768w\" sizes=\"auto, (max-width: 988px) 100vw, 988px\" \/><\/figure>\n\n\n\n<figure class=\"wp-block-image size-full\"><img loading=\"lazy\" decoding=\"async\" width=\"988\" height=\"988\" src=\"https:\/\/fmalicia.com.ar\/wp-content\/uploads\/2024\/05\/WhatsApp-Image-2024-05-29-at-11.02.00-AM-1.jpeg\" alt=\"\" class=\"wp-image-24760\" srcset=\"https:\/\/fmalicia.com.ar\/wp-content\/uploads\/2024\/05\/WhatsApp-Image-2024-05-29-at-11.02.00-AM-1.jpeg 988w, https:\/\/fmalicia.com.ar\/wp-content\/uploads\/2024\/05\/WhatsApp-Image-2024-05-29-at-11.02.00-AM-1-300x300.jpeg 300w, https:\/\/fmalicia.com.ar\/wp-content\/uploads\/2024\/05\/WhatsApp-Image-2024-05-29-at-11.02.00-AM-1-150x150.jpeg 150w, https:\/\/fmalicia.com.ar\/wp-content\/uploads\/2024\/05\/WhatsApp-Image-2024-05-29-at-11.02.00-AM-1-768x768.jpeg 768w\" sizes=\"auto, (max-width: 988px) 100vw, 988px\" \/><\/figure>\n\n\n\n<figure class=\"wp-block-image size-full\"><img loading=\"lazy\" decoding=\"async\" width=\"988\" height=\"988\" src=\"https:\/\/fmalicia.com.ar\/wp-content\/uploads\/2024\/05\/WhatsApp-Image-2024-05-29-at-11.01.59-AM.jpeg\" alt=\"\" class=\"wp-image-24761\" srcset=\"https:\/\/fmalicia.com.ar\/wp-content\/uploads\/2024\/05\/WhatsApp-Image-2024-05-29-at-11.01.59-AM.jpeg 988w, https:\/\/fmalicia.com.ar\/wp-content\/uploads\/2024\/05\/WhatsApp-Image-2024-05-29-at-11.01.59-AM-300x300.jpeg 300w, https:\/\/fmalicia.com.ar\/wp-content\/uploads\/2024\/05\/WhatsApp-Image-2024-05-29-at-11.01.59-AM-150x150.jpeg 150w, https:\/\/fmalicia.com.ar\/wp-content\/uploads\/2024\/05\/WhatsApp-Image-2024-05-29-at-11.01.59-AM-768x768.jpeg 768w\" sizes=\"auto, (max-width: 988px) 100vw, 988px\" \/><\/figure>\n\n\n\n<figure class=\"wp-block-image size-full\"><img loading=\"lazy\" decoding=\"async\" width=\"988\" height=\"988\" src=\"https:\/\/fmalicia.com.ar\/wp-content\/uploads\/2024\/05\/WhatsApp-Image-2024-05-29-at-11.01.59-AM-1.jpeg\" alt=\"\" class=\"wp-image-24762\" srcset=\"https:\/\/fmalicia.com.ar\/wp-content\/uploads\/2024\/05\/WhatsApp-Image-2024-05-29-at-11.01.59-AM-1.jpeg 988w, https:\/\/fmalicia.com.ar\/wp-content\/uploads\/2024\/05\/WhatsApp-Image-2024-05-29-at-11.01.59-AM-1-300x300.jpeg 300w, https:\/\/fmalicia.com.ar\/wp-content\/uploads\/2024\/05\/WhatsApp-Image-2024-05-29-at-11.01.59-AM-1-150x150.jpeg 150w, https:\/\/fmalicia.com.ar\/wp-content\/uploads\/2024\/05\/WhatsApp-Image-2024-05-29-at-11.01.59-AM-1-768x768.jpeg 768w\" sizes=\"auto, (max-width: 988px) 100vw, 988px\" \/><\/figure>\n","protected":false},"excerpt":{"rendered":"<p>El Gobierno de Alicia firm\u00f3 un convenio para desarrollar acciones de cooperaci\u00f3n y colaboraci\u00f3n rec\u00edproca con el Ministerio Seguridad C\u00f3rdoba, en presencia del Secretario de Prevenci\u00f3n y Coordinaci\u00f3n Institucional Dr.&hellip; <\/p>\n","protected":false},"author":2,"featured_media":24762,"comment_status":"closed","ping_status":"closed","sticky":false,"template":"","format":"standard","meta":{"footnotes":""},"categories":[17,4,2],"tags":[],"class_list":["post-24758","post","type-post","status-publish","format-standard","has-post-thumbnail","hentry","category-destacadas","category-locales","category-sociedad"],"views":348,"_links":{"self":[{"href":"https:\/\/fmalicia.com.ar\/index.php?rest_route=\/wp\/v2\/posts\/24758","targetHints":{"allow":["GET"]}}],"collection":[{"href":"https:\/\/fmalicia.com.ar\/index.php?rest_route=\/wp\/v2\/posts"}],"about":[{"href":"https:\/\/fmalicia.com.ar\/index.php?rest_route=\/wp\/v2\/types\/post"}],"author":[{"embeddable":true,"href":"https:\/\/fmalicia.com.ar\/index.php?rest_route=\/wp\/v2\/users\/2"}],"replies":[{"embeddable":true,"href":"https:\/\/fmalicia.com.ar\/index.php?rest_route=%2Fwp%2Fv2%2Fcomments&post=24758"}],"version-history":[{"count":2,"href":"https:\/\/fmalicia.com.ar\/index.php?rest_route=\/wp\/v2\/posts\/24758\/revisions"}],"predecessor-version":[{"id":24768,"href":"https:\/\/fmalicia.com.ar\/index.php?rest_route=\/wp\/v2\/posts\/24758\/revisions\/24768"}],"wp:featuredmedia":[{"embeddable":true,"href":"https:\/\/fmalicia.com.ar\/index.php?rest_route=\/wp\/v2\/media\/24762"}],"wp:attachment":[{"href":"https:\/\/fmalicia.com.ar\/index.php?rest_route=%2Fwp%2Fv2%2Fmedia&parent=24758"}],"wp:term":[{"taxonomy":"category","embeddable":true,"href":"https:\/\/fmalicia.com.ar\/index.php?rest_route=%2Fwp%2Fv2%2Fcategories&post=24758"},{"taxonomy":"post_tag","embeddable":true,"href":"https:\/\/fmalicia.com.ar\/index.php?rest_route=%2Fwp%2Fv2%2Ftags&post=24758"}],"curies":[{"name":"wp","href":"https:\/\/api.w.org\/{rel}","templated":true}]}}