{"id":17517,"date":"2022-08-22T13:43:25","date_gmt":"2022-08-22T16:43:25","guid":{"rendered":"http:\/\/fmalicia.com.ar\/?p=17517"},"modified":"2022-08-22T13:43:27","modified_gmt":"2022-08-22T16:43:27","slug":"pozo-del-molle-se-prepara-para-setiembre","status":"publish","type":"post","link":"https:\/\/fmalicia.com.ar\/?p=17517","title":{"rendered":"Pozo del Molle se prepara para setiembre"},"content":{"rendered":"\n<h4 class=\"wp-block-heading\">Durante casi todo setiembre se llevar\u00e1 a cabo en Pozo del Molle la Expo. Seg\u00fan el Secretario de Gobierno de la Municipalidad hizo saber que hay much\u00edsima expectativa en estas fiestas que incluir\u00e1n distintas\u00a0 actividades a desarrollarse en la Sociedad Rural, <strong>Mart\u00edn Roland<\/strong>\u00a0record\u00f3 que se llevar\u00e1 a cabo la decimo s\u00e9ptima Fiesta Provincial del Holando Argentino, habr\u00e1 una marat\u00f3n y festejos por el D\u00eda del Estudiante, entre otras cosas, tambi\u00e9n dijo que la Expomolle moviliza a toda la poblaci\u00f3n y visitantes\u00a0 que ocupan los negocios, los hoteles y los espacios de la localidad y le da a la gente la posibilidad de acceder a espect\u00e1culos que s\u00f3lo se ven en grandes poblaciones.  Roland tambi\u00e9n coment\u00f3\u00a0 el acto del sorteo del Programa Provincia 10 mil Viviendas, \u00a0en primera instancia, a Pozo el Molle, le correspond\u00edan ocho casas y que se extendi\u00f3 a una totalidad de 24, tras gestiones realizadas por el intendente Jorge Roland.<\/h4>\n\n\n\n<figure class=\"wp-block-image size-large is-resized\"><img loading=\"lazy\" decoding=\"async\" src=\"https:\/\/i.ibb.co\/BVHqz7Q\/pozo.jpg\" alt=\"\" width=\"733\" height=\"410\"\/><\/figure>\n","protected":false},"excerpt":{"rendered":"<p>Durante casi todo setiembre se llevar\u00e1 a cabo en Pozo del Molle la Expo. Seg\u00fan el Secretario de Gobierno de la Municipalidad hizo saber que hay much\u00edsima expectativa en estas&hellip; <\/p>\n","protected":false},"author":2,"featured_media":17519,"comment_status":"open","ping_status":"open","sticky":false,"template":"","format":"standard","meta":{"footnotes":""},"categories":[17,5],"tags":[],"class_list":["post-17517","post","type-post","status-publish","format-standard","has-post-thumbnail","hentry","category-destacadas","category-regionales"],"views":208,"_links":{"self":[{"href":"https:\/\/fmalicia.com.ar\/index.php?rest_route=\/wp\/v2\/posts\/17517","targetHints":{"allow":["GET"]}}],"collection":[{"href":"https:\/\/fmalicia.com.ar\/index.php?rest_route=\/wp\/v2\/posts"}],"about":[{"href":"https:\/\/fmalicia.com.ar\/index.php?rest_route=\/wp\/v2\/types\/post"}],"author":[{"embeddable":true,"href":"https:\/\/fmalicia.com.ar\/index.php?rest_route=\/wp\/v2\/users\/2"}],"replies":[{"embeddable":true,"href":"https:\/\/fmalicia.com.ar\/index.php?rest_route=%2Fwp%2Fv2%2Fcomments&post=17517"}],"version-history":[{"count":1,"href":"https:\/\/fmalicia.com.ar\/index.php?rest_route=\/wp\/v2\/posts\/17517\/revisions"}],"predecessor-version":[{"id":17518,"href":"https:\/\/fmalicia.com.ar\/index.php?rest_route=\/wp\/v2\/posts\/17517\/revisions\/17518"}],"wp:featuredmedia":[{"embeddable":true,"href":"https:\/\/fmalicia.com.ar\/index.php?rest_route=\/wp\/v2\/media\/17519"}],"wp:attachment":[{"href":"https:\/\/fmalicia.com.ar\/index.php?rest_route=%2Fwp%2Fv2%2Fmedia&parent=17517"}],"wp:term":[{"taxonomy":"category","embeddable":true,"href":"https:\/\/fmalicia.com.ar\/index.php?rest_route=%2Fwp%2Fv2%2Fcategories&post=17517"},{"taxonomy":"post_tag","embeddable":true,"href":"https:\/\/fmalicia.com.ar\/index.php?rest_route=%2Fwp%2Fv2%2Ftags&post=17517"}],"curies":[{"name":"wp","href":"https:\/\/api.w.org\/{rel}","templated":true}]}}