{"id":17111,"date":"2022-06-26T23:44:08","date_gmt":"2022-06-27T02:44:08","guid":{"rendered":"http:\/\/fmalicia.com.ar\/?p=17111"},"modified":"2022-06-26T23:44:10","modified_gmt":"2022-06-27T02:44:10","slug":"acto-de-entrega-de-aprobacion-definitiva-del-parque-industrial","status":"publish","type":"post","link":"https:\/\/fmalicia.com.ar\/?p=17111","title":{"rendered":"Acto de entrega de aprobaci\u00f3n definitiva del parque industrial"},"content":{"rendered":"\n<p>Este lunes 27 de junio , el vicegobernador de la Provincia, Manuel Calvo, junto al ministro de Industria, Comercio y Miner\u00eda, Eduardo Accastello,   , presidir\u00e1n el acto de entrega de Aprobaci\u00f3n Definitiva del Parque Industrial de Alicia, en el departamento San Justo, el n\u00famero 42 de la Provincia de C\u00f3rdoba.<\/p>\n\n\n\n<p>&#x2705; Hora: 10.00<\/p>\n\n\n\n<p>&#x2705; Localidad de Alicia. (se adjunta ubicaci\u00f3n de Google Maps).<\/p>\n\n\n\n<p>&#x2705; Estar\u00e1n tambi\u00e9n presentes, la Secretar\u00eda de Parques Industriales, el Secretario de Industria, el Intendente de Alicia y legisladores Departamentales.<\/p>\n\n\n\n<figure class=\"wp-block-image size-large is-resized\"><img loading=\"lazy\" decoding=\"async\" src=\"https:\/\/i.ibb.co\/GCTHhT0\/Whats-App-Image-2022-04-11-at-5-47-37-PM.jpg\" alt=\"\" width=\"704\" height=\"586\"\/><\/figure>\n","protected":false},"excerpt":{"rendered":"<p>Este lunes 27 de junio , el vicegobernador de la Provincia, Manuel Calvo, junto al ministro de Industria, Comercio y Miner\u00eda, Eduardo Accastello, , presidir\u00e1n el acto de entrega de&hellip; <\/p>\n","protected":false},"author":2,"featured_media":17114,"comment_status":"open","ping_status":"open","sticky":false,"template":"","format":"standard","meta":{"footnotes":""},"categories":[17,4,6,2],"tags":[],"class_list":["post-17111","post","type-post","status-publish","format-standard","has-post-thumbnail","hentry","category-destacadas","category-locales","category-provinciales","category-sociedad"],"views":197,"_links":{"self":[{"href":"https:\/\/fmalicia.com.ar\/index.php?rest_route=\/wp\/v2\/posts\/17111","targetHints":{"allow":["GET"]}}],"collection":[{"href":"https:\/\/fmalicia.com.ar\/index.php?rest_route=\/wp\/v2\/posts"}],"about":[{"href":"https:\/\/fmalicia.com.ar\/index.php?rest_route=\/wp\/v2\/types\/post"}],"author":[{"embeddable":true,"href":"https:\/\/fmalicia.com.ar\/index.php?rest_route=\/wp\/v2\/users\/2"}],"replies":[{"embeddable":true,"href":"https:\/\/fmalicia.com.ar\/index.php?rest_route=%2Fwp%2Fv2%2Fcomments&post=17111"}],"version-history":[{"count":2,"href":"https:\/\/fmalicia.com.ar\/index.php?rest_route=\/wp\/v2\/posts\/17111\/revisions"}],"predecessor-version":[{"id":17113,"href":"https:\/\/fmalicia.com.ar\/index.php?rest_route=\/wp\/v2\/posts\/17111\/revisions\/17113"}],"wp:featuredmedia":[{"embeddable":true,"href":"https:\/\/fmalicia.com.ar\/index.php?rest_route=\/wp\/v2\/media\/17114"}],"wp:attachment":[{"href":"https:\/\/fmalicia.com.ar\/index.php?rest_route=%2Fwp%2Fv2%2Fmedia&parent=17111"}],"wp:term":[{"taxonomy":"category","embeddable":true,"href":"https:\/\/fmalicia.com.ar\/index.php?rest_route=%2Fwp%2Fv2%2Fcategories&post=17111"},{"taxonomy":"post_tag","embeddable":true,"href":"https:\/\/fmalicia.com.ar\/index.php?rest_route=%2Fwp%2Fv2%2Ftags&post=17111"}],"curies":[{"name":"wp","href":"https:\/\/api.w.org\/{rel}","templated":true}]}}