{"id":17030,"date":"2022-06-07T20:44:50","date_gmt":"2022-06-07T23:44:50","guid":{"rendered":"http:\/\/fmalicia.com.ar\/?p=17030"},"modified":"2022-06-07T20:44:52","modified_gmt":"2022-06-07T23:44:52","slug":"alicia-informacion-de-bomberos-tras-el-hallazgo-de-la-menor-desaparecida","status":"publish","type":"post","link":"https:\/\/fmalicia.com.ar\/?p=17030","title":{"rendered":"Alicia: Informaci\u00f3n de Bomberos tras el hallazgo de la menor desaparecida"},"content":{"rendered":"\n<figure class=\"wp-block-image size-large\"><img decoding=\"async\" src=\"https:\/\/i.ibb.co\/gjsN0np\/Whats-App-Image-2022-06-07-at-8-04-09-PM.jpg\" alt=\"\"\/><\/figure>\n\n\n\n<p><em>PARTE DE PRENSA BOMBEROS VOLUNTARIOS<\/em><\/p>\n\n\n\n<p>Siendo las 11:45 se recibe llamado a la guardia por parte del personal de la Sub Comisar\u00eda Local, pidiendo colaboraci\u00f3n para la b\u00fasqueda de una menor de edad que se encontraba desaparecida desde las 09:30 hs aproximadamente.<\/p>\n\n\n\n<p>De inmediato se organiza un operativo de b\u00fasqueda con M\u00f3vil 2 y M\u00f3vil 4 con 11 Bomberos, a cargo del Jefe Comisario Inspector B.V. Fern\u00e1ndez Guillermo, y una Dotaci\u00f3n de BV de El Fort\u00edn a cargo del Sub Jefe Daniel Ferrero.<\/p>\n\n\n\n<p>Durante la b\u00fasqueda se realizaron tareas de rastrillaje en diferentes sectores de la localidad y zonas rurales, tanto en Veh\u00edculos, Infante y con la participaci\u00f3n del Dpto V.A.N.T (Drone) de la instituci\u00f3n.<\/p>\n\n\n\n<p>Alrededor de las 16:45 hs. se logra dar con la femenina, donde se procede a realizar tareas de prevenci\u00f3n hasta su traslado a la SubComisar\u00eda Local.<\/p>\n\n\n\n<p>Se trabaj\u00f3 conjuntamente con Bomberos de la localidad de El Fort\u00edn, Polic\u00eda de la Provincia y Seguridad Ciudadana.<\/p>\n\n\n\n<p>Se regresa al cuartel a las 17:20 hs. donde se procede a la desinfecci\u00f3n de todo el personal, m\u00f3viles y herramientas utilizadas.<\/p>\n\n\n\n<p>Dpto. Prensa y Difusi\u00f3n BVA<\/p>\n","protected":false},"excerpt":{"rendered":"<p>PARTE DE PRENSA BOMBEROS VOLUNTARIOS Siendo las 11:45 se recibe llamado a la guardia por parte del personal de la Sub Comisar\u00eda Local, pidiendo colaboraci\u00f3n para la b\u00fasqueda de una&hellip; <\/p>\n","protected":false},"author":3,"featured_media":17032,"comment_status":"open","ping_status":"open","sticky":false,"template":"","format":"standard","meta":{"footnotes":""},"categories":[17,4],"tags":[],"class_list":["post-17030","post","type-post","status-publish","format-standard","has-post-thumbnail","hentry","category-destacadas","category-locales"],"views":643,"_links":{"self":[{"href":"https:\/\/fmalicia.com.ar\/index.php?rest_route=\/wp\/v2\/posts\/17030","targetHints":{"allow":["GET"]}}],"collection":[{"href":"https:\/\/fmalicia.com.ar\/index.php?rest_route=\/wp\/v2\/posts"}],"about":[{"href":"https:\/\/fmalicia.com.ar\/index.php?rest_route=\/wp\/v2\/types\/post"}],"author":[{"embeddable":true,"href":"https:\/\/fmalicia.com.ar\/index.php?rest_route=\/wp\/v2\/users\/3"}],"replies":[{"embeddable":true,"href":"https:\/\/fmalicia.com.ar\/index.php?rest_route=%2Fwp%2Fv2%2Fcomments&post=17030"}],"version-history":[{"count":1,"href":"https:\/\/fmalicia.com.ar\/index.php?rest_route=\/wp\/v2\/posts\/17030\/revisions"}],"predecessor-version":[{"id":17031,"href":"https:\/\/fmalicia.com.ar\/index.php?rest_route=\/wp\/v2\/posts\/17030\/revisions\/17031"}],"wp:featuredmedia":[{"embeddable":true,"href":"https:\/\/fmalicia.com.ar\/index.php?rest_route=\/wp\/v2\/media\/17032"}],"wp:attachment":[{"href":"https:\/\/fmalicia.com.ar\/index.php?rest_route=%2Fwp%2Fv2%2Fmedia&parent=17030"}],"wp:term":[{"taxonomy":"category","embeddable":true,"href":"https:\/\/fmalicia.com.ar\/index.php?rest_route=%2Fwp%2Fv2%2Fcategories&post=17030"},{"taxonomy":"post_tag","embeddable":true,"href":"https:\/\/fmalicia.com.ar\/index.php?rest_route=%2Fwp%2Fv2%2Ftags&post=17030"}],"curies":[{"name":"wp","href":"https:\/\/api.w.org\/{rel}","templated":true}]}}