{"id":16994,"date":"2022-06-03T00:11:07","date_gmt":"2022-06-03T03:11:07","guid":{"rendered":"http:\/\/fmalicia.com.ar\/?p=16994"},"modified":"2022-06-03T00:11:09","modified_gmt":"2022-06-03T03:11:09","slug":"acto-dia-del-bombero-voluntario","status":"publish","type":"post","link":"https:\/\/fmalicia.com.ar\/?p=16994","title":{"rendered":"Acto D\u00eda del Bombero Voluntario"},"content":{"rendered":"\n<p>Este jueves se realiz\u00f3 un emotivo Acto del D\u00eda del Bombero voluntario en el SUM Municipal de Alicia, contando con la presencia de autoridades locales, adem\u00e1s se procedi\u00f3 a la graduaci\u00f3n de los aspirantes y Bomberos voluntarios, tambi\u00e9n se record\u00f3 al recientemente desaparecido integrante de la Comisi\u00f3n directiva, Sr V\u00edctor Gotta.-<\/p>\n\n\n\n<figure class=\"wp-block-image size-large\"><img decoding=\"async\" src=\"https:\/\/i.ibb.co\/vxkzbMW\/Whats-App-Image-2022-06-02-at-9-35-11-PM.jpg\" alt=\"\"\/><\/figure>\n\n\n\n<figure class=\"wp-block-image size-large\"><img decoding=\"async\" src=\"https:\/\/i.ibb.co\/Rh4nMFy\/Whats-App-Image-2022-06-02-at-9-35-12-PM.jpg\" alt=\"\"\/><\/figure>\n\n\n\n<figure class=\"wp-block-image size-large\"><img decoding=\"async\" src=\"https:\/\/i.ibb.co\/RzFRBZY\/Whats-App-Image-2022-06-02-at-9-35-12-PM-2.jpg\" alt=\"\"\/><\/figure>\n","protected":false},"excerpt":{"rendered":"<p>Este jueves se realiz\u00f3 un emotivo Acto del D\u00eda del Bombero voluntario en el SUM Municipal de Alicia, contando con la presencia de autoridades locales, adem\u00e1s se procedi\u00f3 a la&hellip; <\/p>\n","protected":false},"author":2,"featured_media":16997,"comment_status":"open","ping_status":"open","sticky":false,"template":"","format":"standard","meta":{"footnotes":""},"categories":[17,4,2],"tags":[],"class_list":["post-16994","post","type-post","status-publish","format-standard","has-post-thumbnail","hentry","category-destacadas","category-locales","category-sociedad"],"views":305,"_links":{"self":[{"href":"https:\/\/fmalicia.com.ar\/index.php?rest_route=\/wp\/v2\/posts\/16994","targetHints":{"allow":["GET"]}}],"collection":[{"href":"https:\/\/fmalicia.com.ar\/index.php?rest_route=\/wp\/v2\/posts"}],"about":[{"href":"https:\/\/fmalicia.com.ar\/index.php?rest_route=\/wp\/v2\/types\/post"}],"author":[{"embeddable":true,"href":"https:\/\/fmalicia.com.ar\/index.php?rest_route=\/wp\/v2\/users\/2"}],"replies":[{"embeddable":true,"href":"https:\/\/fmalicia.com.ar\/index.php?rest_route=%2Fwp%2Fv2%2Fcomments&post=16994"}],"version-history":[{"count":2,"href":"https:\/\/fmalicia.com.ar\/index.php?rest_route=\/wp\/v2\/posts\/16994\/revisions"}],"predecessor-version":[{"id":16996,"href":"https:\/\/fmalicia.com.ar\/index.php?rest_route=\/wp\/v2\/posts\/16994\/revisions\/16996"}],"wp:featuredmedia":[{"embeddable":true,"href":"https:\/\/fmalicia.com.ar\/index.php?rest_route=\/wp\/v2\/media\/16997"}],"wp:attachment":[{"href":"https:\/\/fmalicia.com.ar\/index.php?rest_route=%2Fwp%2Fv2%2Fmedia&parent=16994"}],"wp:term":[{"taxonomy":"category","embeddable":true,"href":"https:\/\/fmalicia.com.ar\/index.php?rest_route=%2Fwp%2Fv2%2Fcategories&post=16994"},{"taxonomy":"post_tag","embeddable":true,"href":"https:\/\/fmalicia.com.ar\/index.php?rest_route=%2Fwp%2Fv2%2Ftags&post=16994"}],"curies":[{"name":"wp","href":"https:\/\/api.w.org\/{rel}","templated":true}]}}