{"id":16965,"date":"2022-06-02T07:56:41","date_gmt":"2022-06-02T10:56:41","guid":{"rendered":"http:\/\/fmalicia.com.ar\/?p=16965"},"modified":"2024-06-02T09:49:50","modified_gmt":"2024-06-02T12:49:50","slug":"2-de-junio-dia-nacional-del-bombero-voluntario","status":"publish","type":"post","link":"https:\/\/fmalicia.com.ar\/?p=16965","title":{"rendered":"2 de Junio: D\u00eda Nacional del Bombero Voluntario"},"content":{"rendered":"\n<h3 class=\"wp-block-heading\">Saludamos a nuestros queridos Bomberos, vecinos nuestros, que con una gran vocaci\u00f3n de servicio, desempe\u00f1an esta tarea, prepar\u00e1ndose d\u00eda a d\u00eda atentos a la necesidad de su gente sin otro apercibimiento m\u00e1s que el agradecimiento de todos, por su tan desinteresada labor. Por eso hoy a las diez de la ma\u00f1ana har\u00e1n sonar la sirena a manera de conmemorar ese esp\u00edritu, esa necesidad de ayudar al pr\u00f3jimo de los que hoy est\u00e1n, y los que estuvieron y formaron parte de el cuerpo de Bomberos Voluntarios de Alicia. Luego el Izamiento de la Bandera y el Acto que se realizar\u00e1 en el SUM de la Municipalidad para el cual est\u00e1n todos invitados. <em>Nuestro pa\u00eds cuenta con m\u00e1s de 900 cuerpos activos de bomberos que promueven una sociedad m\u00e1s segura y dedican su vida a proteger al otro.<\/em>Aqu\u00ed va una peque\u00f1a rese\u00f1a de la Historia de los Bomberos Voluntarios de nuestro pa\u00eds:<\/h3>\n\n\n\n<p><strong>Buenos Aires, 1 de Junio de 2017-<\/strong>&nbsp;El 2 de Junio se celebra en todo el pa\u00eds el D\u00eda Nacional del Bombero Voluntario en conmemoraci\u00f3n del aniversario de la creaci\u00f3n del primer cuerpo de bomberos de Argentina. Bajo el lema \u201cquerer es poder\u201d, el 2 de Junio de 1884 se fund\u00f3 el Cuerpo de Bomberos Voluntarios de La Boca gracias a la iniciativa de Tom\u00e1s Liberti. El cuartel se cre\u00f3 d\u00edas despu\u00e9s de que su hijo Orestes y un grupo de vecinos se organizaran espont\u00e1neamente para apagar un voraz incendio al grito de \u201c-\u00a1Adelante los que se animen, vamos a apagar el incendio!\u201d.<\/p>\n\n\n\n<p>El Sistema Nacional de Bomberos Voluntarios, en la actualidad, cuenta con&nbsp;<strong>m\u00e1s de 900 asociaciones integradas por 43.000 bomberos y bomberas que realizan su labor en distintos puntos de nuestro pa\u00eds<\/strong>.&nbsp;<em>\u201cEl voluntariado de bomberos requiere de gran profesionalismo y de una enorme voluntad de servicio. Nos enorgullece que, desde hace 133 a\u00f1os, el esp\u00edritu de ayuda y compromiso sigue vigente\u201d<\/em>, asegur\u00f3 Javier Ferlise, Presidente de Fundaci\u00f3n Bomberos de Argentina.<\/p>\n\n\n\n<p>En toda la Argentina, los bomberos cumplen un importante rol social en la prevenci\u00f3n y cuidado de sus comunidades. Durante el \u00faltimo a\u00f1o, los cuerpos de bomberos voluntarios prestaron asistencia en m\u00e1s de 63.000 incendios, realizaron alrededor de 24.000 intervenciones de rescate y brindaron atenci\u00f3n de distintos tipos de emergencias como inundaciones o derrumbes de edificios. Sin embargo los cuerpos de bomberos no solamente asisten en este tipo de siniestros sino que tambi\u00e9n brindan capacitaciones y realizan acciones de difusi\u00f3n para promover sociedades m\u00e1s seguras.&nbsp; Junto a Fundaci\u00f3n Bomberos de Argentina, asociaciones de bomberos de todo el pa\u00eds llevan adelante campa\u00f1as gratuitas en escuelas p\u00fablicas de todo el pa\u00eds para promover entre los m\u00e1s peque\u00f1os una conciencia resiliente y de cuidado del medio ambiente.<\/p>\n\n\n\n<p>Entre las historias de vida de bomberos y bomberas, est\u00e1 la de Nadin Vittori que integra el Cuerpo Activo de Bomberos de Don Torcuato.&nbsp;<em>Entr\u00e9 al cuartel por primera vez a los 12 a\u00f1os. Me llam\u00f3 la atenci\u00f3n, fui a anotarme y comenc\u00e9 a ir como cadete de bombero\u00bb<\/em>&nbsp;cuenta Nadin.<\/p>\n\n\n\n<p><em>\u00abCon el pasar del tiempo fui viendo de qu\u00e9 se trataba ser bombera voluntario. Me d\u00ed cuenta que era mi lugar en el mundo y ya no pude irme. Yo lo veo como parte de m\u00ed, no ser\u00eda yo si no fuese bombera\u00bb&nbsp;<\/em>concluye la joven bombera.<\/p>\n\n\n\n<p>A la hora de responder qu\u00e9 es lo que la motiva a seguir esta vocaci\u00f3n de servicio, Nadin nos cuenta:&nbsp;<em>\u00abla mejor retribuci\u00f3n para un bombero es un \u00abgracias\u00bb. El agradecimiento sincero y mi satisfacci\u00f3n de sentir que ayud\u00e9 a otra persona es lo m\u00e1s lindo que tiene ser bombero\u00bb&nbsp;<\/em>agrega.<\/p>\n\n\n\n<p>Para celebrar el d\u00eda del Bombero Voluntario,&nbsp;<strong>Fundaci\u00f3n Bomberos de Argentina&nbsp;<\/strong>llev\u00f3 adelante una campa\u00f1a en redes sociales como homenaje a nuestros bomberos a trav\u00e9s de videos con historias de vida de hombres y mujeres de todo el pa\u00eds relatando, en primera persona, su vocaci\u00f3n de servicio a la comunidad. La entidad tambi\u00e9n ser\u00e1 parte de la Caravana por los 133 a\u00f1os de vida del Sistema Nacional de Bomberos Voluntarios a trav\u00e9s del evento \u00abBomberos por la Paz\u00bb que se realizar\u00e1 el 10 de junio en los bosques de Palermo.<\/p>\n\n\n\n<p>Bomberos por la Paz es un evento libre y gratuito que tiene como objetivo acercar a la poblaci\u00f3n todas las diferentes acciones que los bomberos realizan en su labor cotidiana. Durante la jornada, grandes y chicos van a poder conocer a sus h\u00e9roes cotidianos en las distintas tareas que realizan, visitar las autobombas y probarse los trajes t\u00edpicos que los bomberos utilizan.<\/p>\n\n\n\n<figure class=\"wp-block-image size-large\"><img loading=\"lazy\" decoding=\"async\" width=\"768\" height=\"1024\" src=\"https:\/\/fmalicia.com.ar\/wp-content\/uploads\/2024\/05\/WhatsApp-Image-2024-05-26-at-3.35.29-PM-768x1024.jpeg\" alt=\"\" class=\"wp-image-24640\" srcset=\"https:\/\/fmalicia.com.ar\/wp-content\/uploads\/2024\/05\/WhatsApp-Image-2024-05-26-at-3.35.29-PM-768x1024.jpeg 768w, https:\/\/fmalicia.com.ar\/wp-content\/uploads\/2024\/05\/WhatsApp-Image-2024-05-26-at-3.35.29-PM-225x300.jpeg 225w, https:\/\/fmalicia.com.ar\/wp-content\/uploads\/2024\/05\/WhatsApp-Image-2024-05-26-at-3.35.29-PM.jpeg 867w\" sizes=\"auto, (max-width: 768px) 100vw, 768px\" \/><\/figure>\n","protected":false},"excerpt":{"rendered":"<p>Saludamos a nuestros queridos Bomberos, vecinos nuestros, que con una gran vocaci\u00f3n de servicio, desempe\u00f1an esta tarea, prepar\u00e1ndose d\u00eda a d\u00eda atentos a la necesidad de su gente sin otro&hellip; <\/p>\n","protected":false},"author":2,"featured_media":24836,"comment_status":"open","ping_status":"open","sticky":false,"template":"","format":"standard","meta":{"footnotes":""},"categories":[17,4,7,2],"tags":[],"class_list":["post-16965","post","type-post","status-publish","format-standard","has-post-thumbnail","hentry","category-destacadas","category-locales","category-nacionales","category-sociedad"],"views":365,"_links":{"self":[{"href":"https:\/\/fmalicia.com.ar\/index.php?rest_route=\/wp\/v2\/posts\/16965","targetHints":{"allow":["GET"]}}],"collection":[{"href":"https:\/\/fmalicia.com.ar\/index.php?rest_route=\/wp\/v2\/posts"}],"about":[{"href":"https:\/\/fmalicia.com.ar\/index.php?rest_route=\/wp\/v2\/types\/post"}],"author":[{"embeddable":true,"href":"https:\/\/fmalicia.com.ar\/index.php?rest_route=\/wp\/v2\/users\/2"}],"replies":[{"embeddable":true,"href":"https:\/\/fmalicia.com.ar\/index.php?rest_route=%2Fwp%2Fv2%2Fcomments&post=16965"}],"version-history":[{"count":3,"href":"https:\/\/fmalicia.com.ar\/index.php?rest_route=\/wp\/v2\/posts\/16965\/revisions"}],"predecessor-version":[{"id":24837,"href":"https:\/\/fmalicia.com.ar\/index.php?rest_route=\/wp\/v2\/posts\/16965\/revisions\/24837"}],"wp:featuredmedia":[{"embeddable":true,"href":"https:\/\/fmalicia.com.ar\/index.php?rest_route=\/wp\/v2\/media\/24836"}],"wp:attachment":[{"href":"https:\/\/fmalicia.com.ar\/index.php?rest_route=%2Fwp%2Fv2%2Fmedia&parent=16965"}],"wp:term":[{"taxonomy":"category","embeddable":true,"href":"https:\/\/fmalicia.com.ar\/index.php?rest_route=%2Fwp%2Fv2%2Fcategories&post=16965"},{"taxonomy":"post_tag","embeddable":true,"href":"https:\/\/fmalicia.com.ar\/index.php?rest_route=%2Fwp%2Fv2%2Ftags&post=16965"}],"curies":[{"name":"wp","href":"https:\/\/api.w.org\/{rel}","templated":true}]}}