{"id":16957,"date":"2022-05-27T11:31:10","date_gmt":"2022-05-27T14:31:10","guid":{"rendered":"http:\/\/fmalicia.com.ar\/?p=16957"},"modified":"2022-05-27T11:33:00","modified_gmt":"2022-05-27T14:33:00","slug":"llaryora-anuncio-la-realizacion-de-la-segunda-cumbre-mundial-de-economia-circular","status":"publish","type":"post","link":"https:\/\/fmalicia.com.ar\/?p=16957","title":{"rendered":"LLARYORA ANUNCI\u00d3 LA REALIZACI\u00d3N DE LA SEGUNDA CUMBRE MUNDIAL DE ECONOM\u00cdA CIRCULAR"},"content":{"rendered":"\n<p><strong>&nbsp;&nbsp;&nbsp; \u2022 El evento, que reunir\u00e1 a expertos de todo el mundo, tendr\u00e1 lugar los d\u00edas 15 y 16 de junio en el Complejo Ferial C\u00f3rdoba, bajo modalidad virtual y presencial.<\/strong><\/p>\n\n\n\n<p><strong>&nbsp;&nbsp;&nbsp; \u2022 En esta oportunidad contar\u00e1 con una Feria Internacional dentro del complejo, donde emprendedores locales exhibir\u00e1n sus proyectos, productos y servicios a la comunidad.<\/strong><\/p>\n\n\n\n<p><strong>&nbsp;&nbsp;&nbsp; \u2022 La primera edici\u00f3n, desarrollada tambi\u00e9n en la ciudad, tuvo m\u00e1s de tres millones de visualizaciones provenientes de 613 ciudades de los cinco continentes.<\/strong><\/p>\n\n\n\n<p>La ciudad de C\u00f3rdoba ser\u00e1 nuevamente sede de la <strong>Cumbre Mundial de Econom\u00eda Circular<\/strong>, as\u00ed lo anunci\u00f3 el intendente de la Capital provincial <strong>Mart\u00edn Llaryora<\/strong> quien dio a conocer que este gran evento internacional tendr\u00e1 lugar el pr\u00f3ximo 15 y 16 de junio. La Cumbre se desarrollar\u00e1 en el <strong>Complejo Ferial C\u00f3rdoba<\/strong>, ser\u00e1 de manera gratuita y en la doble modalidad, virtual y presencial.<\/p>\n\n\n\n<p>La iniciativa de la actual gesti\u00f3n municipal, que tuvo su primer encuentro en 2021, reunir\u00e1 por segunda vez consecutiva a l\u00edderes de gobierno, representantes de organismos internacionales de financiamiento, referentes de empresas nacionales e internacionales, emprendedores, startups y reconocidos acad\u00e9micos especializados en <strong>Econom\u00eda Circular<\/strong> de todo el globo.<\/p>\n\n\n\n<p><strong><em>\u201cRepetir este evento reafirma nuestro compromiso por impulsar proyectos sostenibles, rentables e innovadores que generen un n\u00famero sustancial de puestos de trabajos verdes, favoreciendo el bienestar en todos los niveles, integrando a los sectores sociales marginales y evitando da\u00f1os irreversibles en el ambiente y la biodiversidad\u201d,<\/em><\/strong> expres\u00f3 Llaryora desde la plazoleta Artigas del Parque Sarmiento desde donde se llev\u00f3 a cabo el lanzamiento del evento.<\/p>\n\n\n\n<p><strong><em>\u201cAnimarse a influir en el cambio de conductas positivas, como es el cuidado del ambiente, ha sido y es un lema y pilar de nuestra gesti\u00f3n. Estamos firmemente convencidos de que este es el camino que tenemos que seguir para que nuestro pueblo pueda crecer y progresar\u201d,<\/em><\/strong> a\u00f1adi\u00f3 el intendente.<\/p>\n\n\n\n<p>Finalmente, Llaryora concluy\u00f3: <strong><em>\u201cEs un gusto trabajar con todos los sectores, animarlos a ser disruptivos, a dar los primeros pasos en un camino que se hace al andar porque no hay muchas experiencias en este sentido. No estamos esperando a nadie, desde C\u00f3rdoba impulsamos el cambio a nivel mundial\u201d.<\/em><\/strong><\/p>\n\n\n\n<p><strong>C\u00d3RDOBA, PIONERA EN LA ECONOM\u00cdA CIRCULAR<\/strong><\/p>\n\n\n\n<p>Es la segunda vez que la ciudad de C\u00f3rdoba lidera un evento de estas caracter\u00edsticas, con el prop\u00f3sito de compartir ideas y experiencias innovadoras que produzcan nuevos modelos de negocios para el desarrollo y perfeccionamiento sostenible de la econom\u00eda de las regiones, y transicionar de un paradigma lineal a uno circular de triple impacto.<\/p>\n\n\n\n<p>De esta manera, la capital provincial se consolida como uno de los l\u00edderes mundiales en el fomento de pol\u00edticas de Estado hacia el cuidado del ambiente.<\/p>\n\n\n\n<p>Entre la nutrida programaci\u00f3n de actividades que tendr\u00e1 la Cumbre se destacan las disertaciones rondar\u00e1n en tem\u00e1ticas como el desarrollo de pol\u00edticas ambientales; programas y planes de reciclaje; alianzas y nuevas simbiosis industriales; generaci\u00f3n de nuevos empleos verdes e inclusivos; el acceso a financiamiento, innovaci\u00f3n y desarrollo focalizado en energ\u00edas renovables.<\/p>\n\n\n\n<p>Cabe destacar que durante la presentaci\u00f3n del evento estuvieron tambi\u00e9n presente el ministro de Industria, Comercio y Miner\u00eda del Gobierno de C\u00f3rdoba, <strong>Eduardo Accastello<\/strong>; el secretario de Ambiente de la Provincia, <strong>Juan Carlos Scotto<\/strong> y el presidente del ente BioC\u00f3rdoba, <strong>Enzo Cravero.<\/strong><\/p>\n\n\n\n<div><iframe loading=\"lazy\" width=\"300\" height=\"60\" src=\"https:\/\/vocaroo.com\/embed\/1bmthm9Uj2KQ?autoplay=0\" frameborder=\"0\" allow=\"autoplay\"><\/iframe><br><a href=\"https:\/\/voca.ro\/1bmthm9Uj2KQ\" title=\"Grabadora de voz Vocaroo\" target=\"_blank\" rel=\"noopener noreferrer\">Ver en Vocaroo &gt;&gt;<\/a><\/div>\n\n\n\nhttps:\/\/i.ibb.co\/jMKyRkg\/Whats-App-Image-2022-05-27-at-9-10-52-AM.jpg\n\n\n\n<figure class=\"wp-block-image size-large is-resized\"><img loading=\"lazy\" decoding=\"async\" src=\"https:\/\/i.ibb.co\/2FSshwC\/Whats-App-Image-2022-05-27-at-9-10-53-AM.jpg\" alt=\"\" width=\"810\" height=\"558\"\/><\/figure>\n","protected":false},"excerpt":{"rendered":"<p>&nbsp;&nbsp;&nbsp; \u2022 El evento, que reunir\u00e1 a expertos de todo el mundo, tendr\u00e1 lugar los d\u00edas 15 y 16 de junio en el Complejo Ferial C\u00f3rdoba, bajo modalidad virtual y&hellip; <\/p>\n","protected":false},"author":2,"featured_media":16959,"comment_status":"open","ping_status":"open","sticky":false,"template":"","format":"standard","meta":{"footnotes":""},"categories":[17,6,2],"tags":[],"class_list":["post-16957","post","type-post","status-publish","format-standard","has-post-thumbnail","hentry","category-destacadas","category-provinciales","category-sociedad"],"views":258,"_links":{"self":[{"href":"https:\/\/fmalicia.com.ar\/index.php?rest_route=\/wp\/v2\/posts\/16957","targetHints":{"allow":["GET"]}}],"collection":[{"href":"https:\/\/fmalicia.com.ar\/index.php?rest_route=\/wp\/v2\/posts"}],"about":[{"href":"https:\/\/fmalicia.com.ar\/index.php?rest_route=\/wp\/v2\/types\/post"}],"author":[{"embeddable":true,"href":"https:\/\/fmalicia.com.ar\/index.php?rest_route=\/wp\/v2\/users\/2"}],"replies":[{"embeddable":true,"href":"https:\/\/fmalicia.com.ar\/index.php?rest_route=%2Fwp%2Fv2%2Fcomments&post=16957"}],"version-history":[{"count":3,"href":"https:\/\/fmalicia.com.ar\/index.php?rest_route=\/wp\/v2\/posts\/16957\/revisions"}],"predecessor-version":[{"id":16961,"href":"https:\/\/fmalicia.com.ar\/index.php?rest_route=\/wp\/v2\/posts\/16957\/revisions\/16961"}],"wp:featuredmedia":[{"embeddable":true,"href":"https:\/\/fmalicia.com.ar\/index.php?rest_route=\/wp\/v2\/media\/16959"}],"wp:attachment":[{"href":"https:\/\/fmalicia.com.ar\/index.php?rest_route=%2Fwp%2Fv2%2Fmedia&parent=16957"}],"wp:term":[{"taxonomy":"category","embeddable":true,"href":"https:\/\/fmalicia.com.ar\/index.php?rest_route=%2Fwp%2Fv2%2Fcategories&post=16957"},{"taxonomy":"post_tag","embeddable":true,"href":"https:\/\/fmalicia.com.ar\/index.php?rest_route=%2Fwp%2Fv2%2Ftags&post=16957"}],"curies":[{"name":"wp","href":"https:\/\/api.w.org\/{rel}","templated":true}]}}