{"id":16928,"date":"2022-05-27T11:35:55","date_gmt":"2022-05-27T14:35:55","guid":{"rendered":"http:\/\/fmalicia.com.ar\/?p=16928"},"modified":"2022-05-27T11:34:27","modified_gmt":"2022-05-27T14:34:27","slug":"roberto-meyer-presentaescritos-de-un-aliceno","status":"publish","type":"post","link":"https:\/\/fmalicia.com.ar\/?p=16928","title":{"rendered":"Roberto Meyer presenta&#8221;Escritos de un alice\u00f1o&#8221;!"},"content":{"rendered":"\n<p>Llega un momento muy importante para uno de nuestros alice\u00f1os, con la presentaci\u00f3n de su propio libro. Te invitamos a formar parte de este momento el d\u00eda s\u00e1bado 28 a las 17:00 en el SUM municipal. Organiza Biblioteca popular y p\u00fablica &#8220;Jos\u00e9 Hern\u00e1ndez&#8221; y la Municipalidad de Alicia<\/p>\n\n\n\n<figure class=\"wp-block-image size-large is-resized\"><img loading=\"lazy\" decoding=\"async\" src=\"https:\/\/i.ibb.co\/SvdsjSJ\/Whats-App-Image-2022-05-26-at-10-40-52-AM.jpg\" alt=\"\" width=\"816\" height=\"816\"\/><\/figure>\n","protected":false},"excerpt":{"rendered":"<p>Llega un momento muy importante para uno de nuestros alice\u00f1os, con la presentaci\u00f3n de su propio libro. Te invitamos a formar parte de este momento el d\u00eda s\u00e1bado 28 a&hellip; <\/p>\n","protected":false},"author":2,"featured_media":16930,"comment_status":"open","ping_status":"open","sticky":false,"template":"","format":"standard","meta":{"footnotes":""},"categories":[1,17,4,2],"tags":[],"class_list":["post-16928","post","type-post","status-publish","format-standard","has-post-thumbnail","hentry","category-culturales","category-destacadas","category-locales","category-sociedad"],"views":280,"_links":{"self":[{"href":"https:\/\/fmalicia.com.ar\/index.php?rest_route=\/wp\/v2\/posts\/16928","targetHints":{"allow":["GET"]}}],"collection":[{"href":"https:\/\/fmalicia.com.ar\/index.php?rest_route=\/wp\/v2\/posts"}],"about":[{"href":"https:\/\/fmalicia.com.ar\/index.php?rest_route=\/wp\/v2\/types\/post"}],"author":[{"embeddable":true,"href":"https:\/\/fmalicia.com.ar\/index.php?rest_route=\/wp\/v2\/users\/2"}],"replies":[{"embeddable":true,"href":"https:\/\/fmalicia.com.ar\/index.php?rest_route=%2Fwp%2Fv2%2Fcomments&post=16928"}],"version-history":[{"count":1,"href":"https:\/\/fmalicia.com.ar\/index.php?rest_route=\/wp\/v2\/posts\/16928\/revisions"}],"predecessor-version":[{"id":16929,"href":"https:\/\/fmalicia.com.ar\/index.php?rest_route=\/wp\/v2\/posts\/16928\/revisions\/16929"}],"wp:featuredmedia":[{"embeddable":true,"href":"https:\/\/fmalicia.com.ar\/index.php?rest_route=\/wp\/v2\/media\/16930"}],"wp:attachment":[{"href":"https:\/\/fmalicia.com.ar\/index.php?rest_route=%2Fwp%2Fv2%2Fmedia&parent=16928"}],"wp:term":[{"taxonomy":"category","embeddable":true,"href":"https:\/\/fmalicia.com.ar\/index.php?rest_route=%2Fwp%2Fv2%2Fcategories&post=16928"},{"taxonomy":"post_tag","embeddable":true,"href":"https:\/\/fmalicia.com.ar\/index.php?rest_route=%2Fwp%2Fv2%2Ftags&post=16928"}],"curies":[{"name":"wp","href":"https:\/\/api.w.org\/{rel}","templated":true}]}}