{"id":14935,"date":"2021-12-20T08:52:10","date_gmt":"2021-12-20T11:52:10","guid":{"rendered":"http:\/\/fmalicia.com.ar\/?p=14935"},"modified":"2021-12-20T08:52:12","modified_gmt":"2021-12-20T11:52:12","slug":"alicia-recibio-a-su-nuevo-sacerdote-el-padre-aldo","status":"publish","type":"post","link":"https:\/\/fmalicia.com.ar\/?p=14935","title":{"rendered":"Alicia recibi\u00f3 a su nuevo sacerdote el Padre Aldo!"},"content":{"rendered":"\n<p>Con la presencia del Obispo de la Di\u00f3cesis de San Francisco, y representantes de las instituciones locales se celebro la Santa Misa d\u00e1ndole la Bienvenida al Padre Aldo Tobares, luego de la celebraci\u00f3n religiosa se invito a un picnic a la canasta en las instalaciones del Club Atl\u00e9tico Uni\u00f3n, donde al t\u00e9rmino de la cena se le presentaron al sacerdote las distintas \u00e1reas de trabajos parroquiales adem\u00e1s de disfrutar de una hermosa versi\u00f3n de la zamba del Cura Brochero. Desde nuestros medios le damos la bienvenida Padre Aldo!<\/p>\n\n\n\n<figure class=\"wp-block-image size-large is-resized\"><img loading=\"lazy\" decoding=\"async\" src=\"https:\/\/i.ibb.co\/RbRSTz2\/Whats-App-Image-2021-12-20-at-08-31-08.jpg\" alt=\"\" width=\"807\" height=\"1075\"\/><\/figure>\n\n\n\n<figure class=\"wp-block-image size-large is-resized\"><img loading=\"lazy\" decoding=\"async\" src=\"https:\/\/i.ibb.co\/K7SnKvC\/Whats-App-Image-2021-12-20-at-08-31-11.jpg\" alt=\"\" width=\"806\" height=\"605\"\/><\/figure>\n\n\n\n<figure class=\"wp-block-image size-large is-resized\"><img loading=\"lazy\" decoding=\"async\" src=\"https:\/\/i.ibb.co\/P5pCv9V\/Whats-App-Image-2021-12-20-at-08-31-09.jpg\" alt=\"\" width=\"802\" height=\"602\"\/><\/figure>\n\n\n\n<figure class=\"wp-block-image size-large is-resized\"><img loading=\"lazy\" decoding=\"async\" src=\"https:\/\/i.ibb.co\/2gFxxQk\/Whats-App-Image-2021-12-20-at-08-31-08-3.jpg\" alt=\"\" width=\"796\" height=\"597\"\/><\/figure>\n\n\n\n<figure class=\"wp-block-image size-large is-resized\"><img loading=\"lazy\" decoding=\"async\" src=\"https:\/\/i.ibb.co\/DWzRYrt\/Whats-App-Image-2021-12-20-at-08-31-08-2.jpg\" alt=\"\" width=\"799\" height=\"599\"\/><\/figure>\n\n\n\n<figure class=\"wp-block-image size-large is-resized\"><img loading=\"lazy\" decoding=\"async\" src=\"https:\/\/i.ibb.co\/stf13k6\/Whats-App-Image-2021-12-20-at-08-31-09-2.jpg\" alt=\"\" width=\"754\" height=\"566\"\/><\/figure>\n\n\n\n<figure class=\"wp-block-image size-large is-resized\"><img loading=\"lazy\" decoding=\"async\" src=\"https:\/\/i.ibb.co\/W0kgy4N\/Whats-App-Image-2021-12-20-at-08-31-10-3.jpg\" alt=\"\" width=\"809\" height=\"607\"\/><\/figure>\n\n\n\n<figure class=\"wp-block-image size-large is-resized\"><img loading=\"lazy\" decoding=\"async\" src=\"https:\/\/i.ibb.co\/jJxKYvb\/Whats-App-Image-2021-12-20-at-08-31-10-2.jpg\" alt=\"\" width=\"809\" height=\"607\"\/><\/figure>\n\n\n\n<figure class=\"wp-block-image size-large is-resized\"><img loading=\"lazy\" decoding=\"async\" src=\"https:\/\/i.ibb.co\/Px7s7mD\/Whats-App-Image-2021-12-20-at-08-31-09-1.jpg\" alt=\"\" width=\"808\" height=\"606\"\/><\/figure>\n\n\n\n<figure class=\"wp-block-image size-large is-resized\"><img loading=\"lazy\" decoding=\"async\" src=\"https:\/\/i.ibb.co\/nzzj6fV\/Whats-App-Image-2021-12-20-at-08-31-10.jpg\" alt=\"\" width=\"805\" height=\"604\"\/><\/figure>\n","protected":false},"excerpt":{"rendered":"<p>Con la presencia del Obispo de la Di\u00f3cesis de San Francisco, y representantes de las instituciones locales se celebro la Santa Misa d\u00e1ndole la Bienvenida al Padre Aldo Tobares, luego&hellip; <\/p>\n","protected":false},"author":2,"featured_media":14937,"comment_status":"open","ping_status":"open","sticky":false,"template":"","format":"standard","meta":{"footnotes":""},"categories":[17,4,2],"tags":[],"class_list":["post-14935","post","type-post","status-publish","format-standard","has-post-thumbnail","hentry","category-destacadas","category-locales","category-sociedad"],"views":696,"_links":{"self":[{"href":"https:\/\/fmalicia.com.ar\/index.php?rest_route=\/wp\/v2\/posts\/14935","targetHints":{"allow":["GET"]}}],"collection":[{"href":"https:\/\/fmalicia.com.ar\/index.php?rest_route=\/wp\/v2\/posts"}],"about":[{"href":"https:\/\/fmalicia.com.ar\/index.php?rest_route=\/wp\/v2\/types\/post"}],"author":[{"embeddable":true,"href":"https:\/\/fmalicia.com.ar\/index.php?rest_route=\/wp\/v2\/users\/2"}],"replies":[{"embeddable":true,"href":"https:\/\/fmalicia.com.ar\/index.php?rest_route=%2Fwp%2Fv2%2Fcomments&post=14935"}],"version-history":[{"count":1,"href":"https:\/\/fmalicia.com.ar\/index.php?rest_route=\/wp\/v2\/posts\/14935\/revisions"}],"predecessor-version":[{"id":14936,"href":"https:\/\/fmalicia.com.ar\/index.php?rest_route=\/wp\/v2\/posts\/14935\/revisions\/14936"}],"wp:featuredmedia":[{"embeddable":true,"href":"https:\/\/fmalicia.com.ar\/index.php?rest_route=\/wp\/v2\/media\/14937"}],"wp:attachment":[{"href":"https:\/\/fmalicia.com.ar\/index.php?rest_route=%2Fwp%2Fv2%2Fmedia&parent=14935"}],"wp:term":[{"taxonomy":"category","embeddable":true,"href":"https:\/\/fmalicia.com.ar\/index.php?rest_route=%2Fwp%2Fv2%2Fcategories&post=14935"},{"taxonomy":"post_tag","embeddable":true,"href":"https:\/\/fmalicia.com.ar\/index.php?rest_route=%2Fwp%2Fv2%2Ftags&post=14935"}],"curies":[{"name":"wp","href":"https:\/\/api.w.org\/{rel}","templated":true}]}}