{"id":14924,"date":"2021-12-17T14:09:19","date_gmt":"2021-12-17T17:09:19","guid":{"rendered":"http:\/\/fmalicia.com.ar\/?p=14924"},"modified":"2021-12-17T14:09:21","modified_gmt":"2021-12-17T17:09:21","slug":"asume-monsenor-angel-sixto-rossi-como-arzobispo-de-cordoba","status":"publish","type":"post","link":"https:\/\/fmalicia.com.ar\/?p=14924","title":{"rendered":"Asume monse\u00f1or \u00c1ngel Sixto Rossi como arzobispo de C\u00f3rdoba"},"content":{"rendered":"\n<p>Este viernes a las 17.30 se llevar\u00e1 a cabo la asunci\u00f3n del nuevo arzobispo de\u00a0<a rel=\"noreferrer noopener\" href=\"https:\/\/www.lavoz.com.ar\/temas\/cordoba\/\" target=\"_blank\">C\u00f3rdoba<\/a>, monse\u00f1or\u00a0<a rel=\"noreferrer noopener\" href=\"https:\/\/www.lavoz.com.ar\/temas\/angel-sixto-rossi\/\" target=\"_blank\">\u00c1ngel Sixto Rossi SJ<\/a>.<\/p>\n\n\n\n<p>El acto contar\u00e1 con una masiva asistencia de fieles, para los cuales se dispondr\u00e1 de cinco mil sillas, tendr\u00e1 lugar en la explanada de la Catedral y se han previsto medidas sanitarias en el marco de la pandemia de&nbsp;<a href=\"https:\/\/www.lavoz.com.ar\/temas\/coronavirus\/\" target=\"_blank\" rel=\"noreferrer noopener\">coronavirus<\/a>.<\/p>\n\n\n\n<p>Desde las 19, la Santa misa ser\u00e1 concelebrada por m\u00e1s de 50 obispos llegados de toda Argentina, alrededor de 500 sacerdotes \u201cy la presencia de la comunidad arquidiocesana que abrazar\u00e1 la llegada del Padre \u00c1ngel, el nuevo pastor\u201d, se se\u00f1al\u00f3 en un comunicado. La celebraci\u00f3n contar\u00e1 con la presencia de autoridades provinciales y municipales, representantes de los poderes legislativo y judicial, autoridades de las fuerzas de seguridad, la familia del arzobispo electo, monse\u00f1or Rossi, \u201cy toda la comunidad que quiera participar de forma presencial a tan importante celebraci\u00f3n\u201d, inform\u00f3 la Iglesia Cat\u00f3lica.<\/p>\n\n\n\n<figure class=\"wp-block-image size-large is-resized\"><img loading=\"lazy\" decoding=\"async\" src=\"https:\/\/www.lavoz.com.ar\/resizer\/loevxcpoAFKe4hIYW1RnrbIpKYU=\/1023x682\/smart\/cloudfront-us-east-1.images.arcpublishing.com\/grupoclarin\/VKEE27GUNNHMLL7AGNQQUL7DKI.JPG\" alt=\"\" width=\"812\" height=\"541\"\/><\/figure>\n","protected":false},"excerpt":{"rendered":"<p>Este viernes a las 17.30 se llevar\u00e1 a cabo la asunci\u00f3n del nuevo arzobispo de\u00a0C\u00f3rdoba, monse\u00f1or\u00a0\u00c1ngel Sixto Rossi SJ. El acto contar\u00e1 con una masiva asistencia de fieles, para los&hellip; <\/p>\n","protected":false},"author":2,"featured_media":14926,"comment_status":"open","ping_status":"open","sticky":false,"template":"","format":"standard","meta":{"footnotes":""},"categories":[17,6,2],"tags":[],"class_list":["post-14924","post","type-post","status-publish","format-standard","has-post-thumbnail","hentry","category-destacadas","category-provinciales","category-sociedad"],"views":561,"_links":{"self":[{"href":"https:\/\/fmalicia.com.ar\/index.php?rest_route=\/wp\/v2\/posts\/14924","targetHints":{"allow":["GET"]}}],"collection":[{"href":"https:\/\/fmalicia.com.ar\/index.php?rest_route=\/wp\/v2\/posts"}],"about":[{"href":"https:\/\/fmalicia.com.ar\/index.php?rest_route=\/wp\/v2\/types\/post"}],"author":[{"embeddable":true,"href":"https:\/\/fmalicia.com.ar\/index.php?rest_route=\/wp\/v2\/users\/2"}],"replies":[{"embeddable":true,"href":"https:\/\/fmalicia.com.ar\/index.php?rest_route=%2Fwp%2Fv2%2Fcomments&post=14924"}],"version-history":[{"count":1,"href":"https:\/\/fmalicia.com.ar\/index.php?rest_route=\/wp\/v2\/posts\/14924\/revisions"}],"predecessor-version":[{"id":14925,"href":"https:\/\/fmalicia.com.ar\/index.php?rest_route=\/wp\/v2\/posts\/14924\/revisions\/14925"}],"wp:featuredmedia":[{"embeddable":true,"href":"https:\/\/fmalicia.com.ar\/index.php?rest_route=\/wp\/v2\/media\/14926"}],"wp:attachment":[{"href":"https:\/\/fmalicia.com.ar\/index.php?rest_route=%2Fwp%2Fv2%2Fmedia&parent=14924"}],"wp:term":[{"taxonomy":"category","embeddable":true,"href":"https:\/\/fmalicia.com.ar\/index.php?rest_route=%2Fwp%2Fv2%2Fcategories&post=14924"},{"taxonomy":"post_tag","embeddable":true,"href":"https:\/\/fmalicia.com.ar\/index.php?rest_route=%2Fwp%2Fv2%2Ftags&post=14924"}],"curies":[{"name":"wp","href":"https:\/\/api.w.org\/{rel}","templated":true}]}}