{"id":14779,"date":"2021-12-13T08:31:32","date_gmt":"2021-12-13T11:31:32","guid":{"rendered":"http:\/\/fmalicia.com.ar\/?p=14779"},"modified":"2021-12-13T08:31:35","modified_gmt":"2021-12-13T11:31:35","slug":"fallecio-el-padre-jorge-trucco","status":"publish","type":"post","link":"https:\/\/fmalicia.com.ar\/?p=14779","title":{"rendered":"Falleci\u00f3 el Padre Jorge Trucco"},"content":{"rendered":"\n<p>Se suspendi\u00f3 ayer el inicio del ministerio de los Curas p\u00e1rrocos Sergio y Jos\u00e9 Mar\u00eda en la parroquia de Arroyito. Esto se debe al repentino fallecimiento del Pbro. Padre Jorge F. En horas de la madrugada del d\u00eda 12\/12 falleci\u00f3 en la Ciudad de Morteros de un infarto masivo el P. Jorge Trucco, hasta ayer cura p\u00e1rroco de dicha ciudad y qui\u00e9n hab\u00eda sido designado cura p\u00e1rroco de Perpetuo Socorro en la ciudad de San Francisco y que lamentablemente no pudo asumir esa misi\u00f3n.<\/p>\n\n\n\n<figure class=\"wp-block-image size-large is-resized\"><img loading=\"lazy\" decoding=\"async\" src=\"https:\/\/i.ibb.co\/tqPRgqN\/Whats-App-Image-2021-12-12-at-12-59-17.jpg\" alt=\"\" width=\"801\" height=\"461\"\/><\/figure>\n","protected":false},"excerpt":{"rendered":"<p>Se suspendi\u00f3 ayer el inicio del ministerio de los Curas p\u00e1rrocos Sergio y Jos\u00e9 Mar\u00eda en la parroquia de Arroyito. Esto se debe al repentino fallecimiento del Pbro. Padre Jorge&hellip; <\/p>\n","protected":false},"author":2,"featured_media":14782,"comment_status":"open","ping_status":"open","sticky":false,"template":"","format":"standard","meta":{"footnotes":""},"categories":[17,2],"tags":[],"class_list":["post-14779","post","type-post","status-publish","format-standard","has-post-thumbnail","hentry","category-destacadas","category-sociedad"],"views":651,"_links":{"self":[{"href":"https:\/\/fmalicia.com.ar\/index.php?rest_route=\/wp\/v2\/posts\/14779","targetHints":{"allow":["GET"]}}],"collection":[{"href":"https:\/\/fmalicia.com.ar\/index.php?rest_route=\/wp\/v2\/posts"}],"about":[{"href":"https:\/\/fmalicia.com.ar\/index.php?rest_route=\/wp\/v2\/types\/post"}],"author":[{"embeddable":true,"href":"https:\/\/fmalicia.com.ar\/index.php?rest_route=\/wp\/v2\/users\/2"}],"replies":[{"embeddable":true,"href":"https:\/\/fmalicia.com.ar\/index.php?rest_route=%2Fwp%2Fv2%2Fcomments&post=14779"}],"version-history":[{"count":2,"href":"https:\/\/fmalicia.com.ar\/index.php?rest_route=\/wp\/v2\/posts\/14779\/revisions"}],"predecessor-version":[{"id":14781,"href":"https:\/\/fmalicia.com.ar\/index.php?rest_route=\/wp\/v2\/posts\/14779\/revisions\/14781"}],"wp:featuredmedia":[{"embeddable":true,"href":"https:\/\/fmalicia.com.ar\/index.php?rest_route=\/wp\/v2\/media\/14782"}],"wp:attachment":[{"href":"https:\/\/fmalicia.com.ar\/index.php?rest_route=%2Fwp%2Fv2%2Fmedia&parent=14779"}],"wp:term":[{"taxonomy":"category","embeddable":true,"href":"https:\/\/fmalicia.com.ar\/index.php?rest_route=%2Fwp%2Fv2%2Fcategories&post=14779"},{"taxonomy":"post_tag","embeddable":true,"href":"https:\/\/fmalicia.com.ar\/index.php?rest_route=%2Fwp%2Fv2%2Ftags&post=14779"}],"curies":[{"name":"wp","href":"https:\/\/api.w.org\/{rel}","templated":true}]}}