{"id":14770,"date":"2021-12-10T14:15:24","date_gmt":"2021-12-10T17:15:24","guid":{"rendered":"http:\/\/fmalicia.com.ar\/?p=14770"},"modified":"2021-12-10T14:15:26","modified_gmt":"2021-12-10T17:15:26","slug":"la-municipalidad-de-el-fortin-recibira-mas-aportes-del-gobierno-nacional","status":"publish","type":"post","link":"https:\/\/fmalicia.com.ar\/?p=14770","title":{"rendered":"LA MUNICIPALIDAD DE EL FORT\u00cdN RECIBIR\u00c1 M\u00c1S APORTES DEL GOBIERNO NACIONAL"},"content":{"rendered":"\n<p>El Intendente Municipal Dr. Elio S\u00e1nchez cerr\u00f3 el pasado lunes y martes sus gestiones del a\u00f1o en Buenos Aires, en una gira que incluy\u00f3 reuniones con funcionarios de primer orden del Gobierno Nacional, con importantes novedades para nuestra localidad.La agenda se inici\u00f3 con un encuentro con el Secretario de Obras P\u00fablicas, Mart\u00edn Gill, donde el jefe comunal report\u00f3 el estado de avance de las obras emprendidas en el marco del programa Argentina Hace, con inversiones de $ 13.830.000 en el caso de cord\u00f3n cuneta, badenes y espacios p\u00fablicos y de $ 9.445.000 en el caso de la iluminaci\u00f3n urbana y se interioriz\u00f3 acerca de las novedades de dicho programa. M\u00e1s tarde, la tarea continu\u00f3 en el Instituto Nacional de Educaci\u00f3n T\u00e9cnica, donde fue recibido por el Director Ejecutivo Gerardo Marchesini, con quien se convers\u00f3 acerca de un proyecto del I.P.E.A. N\u00b0 235 Julio R. Valenzuela para la implementaci\u00f3n de una sala de elaboraci\u00f3n, cuyo presupuesto ronda los $ 4.680.000, acord\u00e1ndose los pasos a seguir.Tambi\u00e9n el Palacio Pizzurno, sede del Ministerio de Educaci\u00f3n fue punto en la agenda, donde el Dr. S\u00e1nchez fue recibido en Jefatura de Gabinete, donde le fue confirmado un aporte econ\u00f3mico de $ 180.000 para cada colegio, en el caso de las Escuelas Domingo F. Sarmiento y General San Mart\u00edn y para el Jard\u00edn de Infantes Domingo F. Sarmiento, que estos invertir\u00e1n en equipamiento.La jornada del martes comenz\u00f3 con una visita al Ministerio de H\u00e1bitat y Desarrollo Territorial, donde inform\u00f3 al Ministro Jorge Ferraressi acerca de los avances en el Programa Nacional del Suelo, para la infraestructura de la Manzana N\u00b0 53, del cual ya se recibi\u00f3 el 15%, como as\u00ed tambi\u00e9n de las viviendas Casa Propia que se erigen all\u00ed, recibiendo el benepl\u00e1cito del funcionario nacional.El Intendente dej\u00f3 adem\u00e1s planteada la necesidad de asignar m\u00e1s viviendas para solucionar el d\u00e9ficit habitacional de nuestro pueblo.M\u00e1s tarde, tuvo lugar un encuentro con el Secretario de Articulaci\u00f3n de Pol\u00edtica Social, Gustavo Aguilera, y Federico Alessandria, en el Ministerio de Desarrollo Social, donde dicho funcionario confirm\u00f3 un aporte de $ 11.000.000 para la construcci\u00f3n de un play\u00f3n multideportivo que se erigir\u00e1 en la Manzana N\u00b0 24 y la firma de un convenio, antes de finalizar el a\u00f1o, para un Programa de Emergencias que alcanzar\u00e1 los $ 2.000.000.La gira en Buenos Aires se complet\u00f3 con visitas a la Agencia Nacional de Discapacidad (ANDIS) donde se informaron los detalles para la compra de la Unidad de Transporte Institucional y el Ente Nacional de Obras H\u00eddricas y Saneamiento Ambiental (ENOHSA), donde la Municipalidad tiene presentado un proyecto para renovaci\u00f3n de la Red Domiciliaria de Agua Potable.<\/p>\n\n\n\n<figure class=\"wp-block-image size-large is-resized\"><img loading=\"lazy\" decoding=\"async\" src=\"https:\/\/scontent.fcor3-1.fna.fbcdn.net\/v\/t39.30808-6\/264486864_10225091711427433_297899088336144996_n.jpg?_nc_cat=102&amp;ccb=1-5&amp;_nc_sid=b9115d&amp;_nc_eui2=AeGIK_r9ffyqOIATlqEYv5wnnCQ4yZB-BeOcJDjJkH4F4-gdhjhGFybmQvq38eO4MiU&amp;_nc_ohc=-v1H3beOeZ8AX9EtE6B&amp;_nc_ht=scontent.fcor3-1.fna&amp;oh=00_AT-CqLDQFZeEvSAIpDdS4HjrTrw1KA0LCJ_SVJGzjBY3dQ&amp;oe=61B8C569\" alt=\"\" width=\"720\" height=\"540\"\/><\/figure>\n","protected":false},"excerpt":{"rendered":"<p>El Intendente Municipal Dr. Elio S\u00e1nchez cerr\u00f3 el pasado lunes y martes sus gestiones del a\u00f1o en Buenos Aires, en una gira que incluy\u00f3 reuniones con funcionarios de primer orden&hellip; <\/p>\n","protected":false},"author":2,"featured_media":14772,"comment_status":"open","ping_status":"open","sticky":false,"template":"","format":"standard","meta":{"footnotes":""},"categories":[17,5],"tags":[],"class_list":["post-14770","post","type-post","status-publish","format-standard","has-post-thumbnail","hentry","category-destacadas","category-regionales"],"views":591,"_links":{"self":[{"href":"https:\/\/fmalicia.com.ar\/index.php?rest_route=\/wp\/v2\/posts\/14770","targetHints":{"allow":["GET"]}}],"collection":[{"href":"https:\/\/fmalicia.com.ar\/index.php?rest_route=\/wp\/v2\/posts"}],"about":[{"href":"https:\/\/fmalicia.com.ar\/index.php?rest_route=\/wp\/v2\/types\/post"}],"author":[{"embeddable":true,"href":"https:\/\/fmalicia.com.ar\/index.php?rest_route=\/wp\/v2\/users\/2"}],"replies":[{"embeddable":true,"href":"https:\/\/fmalicia.com.ar\/index.php?rest_route=%2Fwp%2Fv2%2Fcomments&post=14770"}],"version-history":[{"count":1,"href":"https:\/\/fmalicia.com.ar\/index.php?rest_route=\/wp\/v2\/posts\/14770\/revisions"}],"predecessor-version":[{"id":14771,"href":"https:\/\/fmalicia.com.ar\/index.php?rest_route=\/wp\/v2\/posts\/14770\/revisions\/14771"}],"wp:featuredmedia":[{"embeddable":true,"href":"https:\/\/fmalicia.com.ar\/index.php?rest_route=\/wp\/v2\/media\/14772"}],"wp:attachment":[{"href":"https:\/\/fmalicia.com.ar\/index.php?rest_route=%2Fwp%2Fv2%2Fmedia&parent=14770"}],"wp:term":[{"taxonomy":"category","embeddable":true,"href":"https:\/\/fmalicia.com.ar\/index.php?rest_route=%2Fwp%2Fv2%2Fcategories&post=14770"},{"taxonomy":"post_tag","embeddable":true,"href":"https:\/\/fmalicia.com.ar\/index.php?rest_route=%2Fwp%2Fv2%2Ftags&post=14770"}],"curies":[{"name":"wp","href":"https:\/\/api.w.org\/{rel}","templated":true}]}}