{"id":14708,"date":"2021-12-05T17:12:00","date_gmt":"2021-12-05T20:12:00","guid":{"rendered":"http:\/\/fmalicia.com.ar\/?p=14708"},"modified":"2021-12-06T17:34:54","modified_gmt":"2021-12-06T20:34:54","slug":"el-legislador-giraldi-junto-al-sr-intendente-participaron-de-los-10-anos-del-teatro-estrellados","status":"publish","type":"post","link":"https:\/\/fmalicia.com.ar\/?p=14708","title":{"rendered":"El Legislador Giraldi junto al Sr. Intendente participaron de los 10 a\u00f1os del Teatro Estrellados"},"content":{"rendered":"\n<figure class=\"wp-block-image size-large\"><img decoding=\"async\" src=\"https:\/\/i.ibb.co\/ykbt5tj\/263675975-4872077622810755-455125770307849682-n.jpg\" alt=\"\"\/><figcaption>El Legislador Dptal y el Intendente Gualdoni junto a miembros de Biblioteca Jos\u00e9 Hern\u00e1ndez y Directora de Grupo de Teatro Estrellados<\/figcaption><\/figure>\n\n\n\n<p>El Sr. Intendente Municipal estuvo en la 2\u00aa Jornada de Celebraci\u00f3n de los 10 a\u00f1os de Teatro Estrellados, donde el Legislador Departamental Ram\u00f3n Giraldi hizo entrega de un aporte de la <em>Agencia C\u00f3rdoba Cultura<\/em>, que fue tramitado por la Biblioteca Jos\u00e9 Hern\u00e1ndez, y desde el Municipio tambi\u00e9n acompa\u00f1aron con un aporte econ\u00f3mico.<\/p>\n\n\n\n<p>Las autoridades presentes felicitaron y reconocieron al Grupo Estrellados por estos 10 a\u00f1os de trabajo incansable, por impulsar la Cultura, generar espacios de encuentros y formaci\u00f3n y brindar la oportunidad de expresi\u00f3n a ni\u00f1os, adolescentes y j\u00f3venes de la localidad que conforman el Centro Cultural Estrellados.<\/p>\n\n\n\n<figure class=\"wp-block-image size-large\"><img decoding=\"async\" src=\"https:\/\/i.ibb.co\/XCs1M0S\/263781865-4872077706144080-6247352074756691269-n.jpg\" alt=\"\"\/><\/figure>\n\n\n\n<p>Prensa y Difusi\u00f3n Municipalidad de Alicia<\/p>\n","protected":false},"excerpt":{"rendered":"<p>El Sr. Intendente Municipal estuvo en la 2\u00aa Jornada de Celebraci\u00f3n de los 10 a\u00f1os de Teatro Estrellados, donde el Legislador Departamental Ram\u00f3n Giraldi hizo entrega de un aporte de&hellip; <\/p>\n","protected":false},"author":3,"featured_media":14710,"comment_status":"open","ping_status":"open","sticky":false,"template":"","format":"standard","meta":{"footnotes":""},"categories":[1,4],"tags":[],"class_list":["post-14708","post","type-post","status-publish","format-standard","has-post-thumbnail","hentry","category-culturales","category-locales"],"views":519,"_links":{"self":[{"href":"https:\/\/fmalicia.com.ar\/index.php?rest_route=\/wp\/v2\/posts\/14708","targetHints":{"allow":["GET"]}}],"collection":[{"href":"https:\/\/fmalicia.com.ar\/index.php?rest_route=\/wp\/v2\/posts"}],"about":[{"href":"https:\/\/fmalicia.com.ar\/index.php?rest_route=\/wp\/v2\/types\/post"}],"author":[{"embeddable":true,"href":"https:\/\/fmalicia.com.ar\/index.php?rest_route=\/wp\/v2\/users\/3"}],"replies":[{"embeddable":true,"href":"https:\/\/fmalicia.com.ar\/index.php?rest_route=%2Fwp%2Fv2%2Fcomments&post=14708"}],"version-history":[{"count":1,"href":"https:\/\/fmalicia.com.ar\/index.php?rest_route=\/wp\/v2\/posts\/14708\/revisions"}],"predecessor-version":[{"id":14709,"href":"https:\/\/fmalicia.com.ar\/index.php?rest_route=\/wp\/v2\/posts\/14708\/revisions\/14709"}],"wp:featuredmedia":[{"embeddable":true,"href":"https:\/\/fmalicia.com.ar\/index.php?rest_route=\/wp\/v2\/media\/14710"}],"wp:attachment":[{"href":"https:\/\/fmalicia.com.ar\/index.php?rest_route=%2Fwp%2Fv2%2Fmedia&parent=14708"}],"wp:term":[{"taxonomy":"category","embeddable":true,"href":"https:\/\/fmalicia.com.ar\/index.php?rest_route=%2Fwp%2Fv2%2Fcategories&post=14708"},{"taxonomy":"post_tag","embeddable":true,"href":"https:\/\/fmalicia.com.ar\/index.php?rest_route=%2Fwp%2Fv2%2Ftags&post=14708"}],"curies":[{"name":"wp","href":"https:\/\/api.w.org\/{rel}","templated":true}]}}