{"id":14705,"date":"2021-12-03T16:39:00","date_gmt":"2021-12-03T19:39:00","guid":{"rendered":"http:\/\/fmalicia.com.ar\/?p=14705"},"modified":"2021-12-06T17:09:09","modified_gmt":"2021-12-06T20:09:09","slug":"alicia-ambiente-visito-proyectos-de-huertas-agroecologicas","status":"publish","type":"post","link":"https:\/\/fmalicia.com.ar\/?p=14705","title":{"rendered":"Alicia: Ambiente visit\u00f3 proyectos de Huertas Agroecol\u00f3gicas"},"content":{"rendered":"\n<figure class=\"wp-block-image size-large\"><img decoding=\"async\" src=\"https:\/\/i.ibb.co\/hyVXzJN\/262064124-4868302989854885-3453217595565715146-n.jpg\" alt=\"\"\/><figcaption>Proyecto de Huerta en Sala Cuna<\/figcaption><\/figure>\n\n\n\n<p>Estuvo en nuestra localidad la T\u00e9cnica del \u00c1rea de Educaci\u00f3n Ambiental Soledad G\u00f3mez de la Secretar\u00eda de Ambiente de la Provincia, quien acompa\u00f1a, capacita y asesora en la implementaci\u00f3n del Programa \u201cFomentando Huertas Agroecol\u00f3gicas\u201d.<\/p>\n\n\n\n<p>Visit\u00f3 la Huerta Comunitaria \u201cDon Pepe\u201d y entreg\u00f3 insumos y elementos. Adem\u00e1s, se acerc\u00f3 hasta Sala Cuna, donde tambi\u00e9n se lleva adelante un proyecto de huerta, el cual supervis\u00f3. Y se traslad\u00f3 hasta un emprendimiento donde brind\u00f3 conocimientos al propietario reci\u00e9n iniciado en la pr\u00e1ctica agroecol\u00f3gica.<\/p>\n\n\n\n<p>Es importante destacar que desde la Secretar\u00eda Ambiental fomentan la construcci\u00f3n de espacios sustentables y el municipio, a trav\u00e9s de su \u00c1rea de Ambiente, pone a disposici\u00f3n aquello que desde el organismo se implementa al respecto.<\/p>\n\n\n\n<figure class=\"wp-block-image size-large\"><img decoding=\"async\" src=\"https:\/\/i.ibb.co\/d7Q4G4T\/Whats-App-Image-2021-12-03-at-15-11-12.jpg\" alt=\"\"\/><figcaption>T\u00e9c. Soledad Gomez en Huerta Comunitaria &#8220;Don Pepe&#8221;<\/figcaption><\/figure>\n\n\n\n<p><em>Prensa y Difusi\u00f3n Municipalidad de Alicia<\/em><\/p>\n","protected":false},"excerpt":{"rendered":"<p>Estuvo en nuestra localidad la T\u00e9cnica del \u00c1rea de Educaci\u00f3n Ambiental Soledad G\u00f3mez de la Secretar\u00eda de Ambiente de la Provincia, quien acompa\u00f1a, capacita y asesora en la implementaci\u00f3n del&hellip; <\/p>\n","protected":false},"author":3,"featured_media":14707,"comment_status":"open","ping_status":"open","sticky":false,"template":"","format":"standard","meta":{"footnotes":""},"categories":[4,2],"tags":[],"class_list":["post-14705","post","type-post","status-publish","format-standard","has-post-thumbnail","hentry","category-locales","category-sociedad"],"views":412,"_links":{"self":[{"href":"https:\/\/fmalicia.com.ar\/index.php?rest_route=\/wp\/v2\/posts\/14705","targetHints":{"allow":["GET"]}}],"collection":[{"href":"https:\/\/fmalicia.com.ar\/index.php?rest_route=\/wp\/v2\/posts"}],"about":[{"href":"https:\/\/fmalicia.com.ar\/index.php?rest_route=\/wp\/v2\/types\/post"}],"author":[{"embeddable":true,"href":"https:\/\/fmalicia.com.ar\/index.php?rest_route=\/wp\/v2\/users\/3"}],"replies":[{"embeddable":true,"href":"https:\/\/fmalicia.com.ar\/index.php?rest_route=%2Fwp%2Fv2%2Fcomments&post=14705"}],"version-history":[{"count":1,"href":"https:\/\/fmalicia.com.ar\/index.php?rest_route=\/wp\/v2\/posts\/14705\/revisions"}],"predecessor-version":[{"id":14706,"href":"https:\/\/fmalicia.com.ar\/index.php?rest_route=\/wp\/v2\/posts\/14705\/revisions\/14706"}],"wp:featuredmedia":[{"embeddable":true,"href":"https:\/\/fmalicia.com.ar\/index.php?rest_route=\/wp\/v2\/media\/14707"}],"wp:attachment":[{"href":"https:\/\/fmalicia.com.ar\/index.php?rest_route=%2Fwp%2Fv2%2Fmedia&parent=14705"}],"wp:term":[{"taxonomy":"category","embeddable":true,"href":"https:\/\/fmalicia.com.ar\/index.php?rest_route=%2Fwp%2Fv2%2Fcategories&post=14705"},{"taxonomy":"post_tag","embeddable":true,"href":"https:\/\/fmalicia.com.ar\/index.php?rest_route=%2Fwp%2Fv2%2Ftags&post=14705"}],"curies":[{"name":"wp","href":"https:\/\/api.w.org\/{rel}","templated":true}]}}