{"id":14702,"date":"2021-12-06T13:08:41","date_gmt":"2021-12-06T16:08:41","guid":{"rendered":"http:\/\/fmalicia.com.ar\/?p=14702"},"modified":"2021-12-06T13:08:43","modified_gmt":"2021-12-06T16:08:43","slug":"dialogamos-con-el-nuevo-jefe-de-sub-comisaria-alicia","status":"publish","type":"post","link":"https:\/\/fmalicia.com.ar\/?p=14702","title":{"rendered":"Dialogamos con el Nuevo Jefe de Sub Comisar\u00eda Alicia"},"content":{"rendered":"\n<p>Nos acercamos hasta la Sub Comisar\u00eda local para dar la bienvenida al quien estar\u00e1 a cargo de la misma. Se trata del Sub Comisario Mauricio Cebrero, y esto nos dec\u00eda:<\/p>\n\n\n\n<div><iframe loading=\"lazy\" width=\"300\" height=\"60\" src=\"https:\/\/vocaroo.com\/embed\/1g4DfzopErXJ?autoplay=0\" frameborder=\"0\" allow=\"autoplay\"><\/iframe><br><a href=\"https:\/\/voca.ro\/1g4DfzopErXJ\" title=\"Grabadora de voz Vocaroo\" target=\"_blank\" rel=\"noopener noreferrer\">Ver en Vocaroo &gt;&gt;<\/a><\/div>\n\n\n\n<figure class=\"wp-block-image size-large\"><img decoding=\"async\" src=\"https:\/\/i.ibb.co\/W37yXnz\/cebrero.jpg\" alt=\"\"\/><figcaption>Sub Comisario Mauricio Ezequiel Cebrero<\/figcaption><\/figure>\n\n\n\n<p>Agradecemos la predisposici\u00f3n al recibirnos.<\/p>\n","protected":false},"excerpt":{"rendered":"<p>Nos acercamos hasta la Sub Comisar\u00eda local para dar la bienvenida al quien estar\u00e1 a cargo de la misma. Se trata del Sub Comisario Mauricio Cebrero, y esto nos dec\u00eda:&hellip; <\/p>\n","protected":false},"author":3,"featured_media":14704,"comment_status":"open","ping_status":"open","sticky":false,"template":"","format":"standard","meta":{"footnotes":""},"categories":[4,2],"tags":[],"class_list":["post-14702","post","type-post","status-publish","format-standard","has-post-thumbnail","hentry","category-locales","category-sociedad"],"views":710,"_links":{"self":[{"href":"https:\/\/fmalicia.com.ar\/index.php?rest_route=\/wp\/v2\/posts\/14702","targetHints":{"allow":["GET"]}}],"collection":[{"href":"https:\/\/fmalicia.com.ar\/index.php?rest_route=\/wp\/v2\/posts"}],"about":[{"href":"https:\/\/fmalicia.com.ar\/index.php?rest_route=\/wp\/v2\/types\/post"}],"author":[{"embeddable":true,"href":"https:\/\/fmalicia.com.ar\/index.php?rest_route=\/wp\/v2\/users\/3"}],"replies":[{"embeddable":true,"href":"https:\/\/fmalicia.com.ar\/index.php?rest_route=%2Fwp%2Fv2%2Fcomments&post=14702"}],"version-history":[{"count":1,"href":"https:\/\/fmalicia.com.ar\/index.php?rest_route=\/wp\/v2\/posts\/14702\/revisions"}],"predecessor-version":[{"id":14703,"href":"https:\/\/fmalicia.com.ar\/index.php?rest_route=\/wp\/v2\/posts\/14702\/revisions\/14703"}],"wp:featuredmedia":[{"embeddable":true,"href":"https:\/\/fmalicia.com.ar\/index.php?rest_route=\/wp\/v2\/media\/14704"}],"wp:attachment":[{"href":"https:\/\/fmalicia.com.ar\/index.php?rest_route=%2Fwp%2Fv2%2Fmedia&parent=14702"}],"wp:term":[{"taxonomy":"category","embeddable":true,"href":"https:\/\/fmalicia.com.ar\/index.php?rest_route=%2Fwp%2Fv2%2Fcategories&post=14702"},{"taxonomy":"post_tag","embeddable":true,"href":"https:\/\/fmalicia.com.ar\/index.php?rest_route=%2Fwp%2Fv2%2Ftags&post=14702"}],"curies":[{"name":"wp","href":"https:\/\/api.w.org\/{rel}","templated":true}]}}