{"id":14699,"date":"2021-12-06T12:48:44","date_gmt":"2021-12-06T15:48:44","guid":{"rendered":"http:\/\/fmalicia.com.ar\/?p=14699"},"modified":"2021-12-06T12:48:46","modified_gmt":"2021-12-06T15:48:46","slug":"podio-para-carina-cuevas-en-la-maraton-de-ciudad-de-cordoba","status":"publish","type":"post","link":"https:\/\/fmalicia.com.ar\/?p=14699","title":{"rendered":"Podio para Carina Cuevas en la Marat\u00f3n de Ciudad de C\u00f3rdoba"},"content":{"rendered":"\n<p>Durante el fin de semana, precisamente el domingo 5 de diciembre, Carina Cuevas particip\u00f3 de la Marat\u00f3n Ciudad de C\u00f3rdoba, una de las de mayor concurrencia de todo el pa\u00eds, resultando 3\u00ba en la Media Marat\u00f3n (los 21 K), con un tiempo de 1 hora 22 minutos, consagr\u00e1ndola como una de las mejores atletas del pa\u00eds en esa distancia.<\/p>\n\n\n\n<p>Adem\u00e1s, el atleta de Las Varillas, Jer\u00f3nimo Peralta, sali\u00f3 5\u00ba en los 10 K, un importante logro para el joven.<\/p>\n\n\n\n<p><em>\u00a1Felicitamos a estos atletas por sus maravillosos logros!<\/em><\/p>\n\n\n\n<figure class=\"wp-block-image size-large\"><img decoding=\"async\" src=\"https:\/\/i.ibb.co\/h819kHd\/Whats-App-Image-2021-12-06-at-12-32-27-1.jpg\" alt=\"\"\/><\/figure>\n\n\n\n<p>El \u00c1rea de Deporte de la Municipalidad de Alicia reconoc\u00eda a la atleta alice\u00f1a de la siguiente manera:<\/p>\n\n\n\n<figure class=\"wp-block-image size-large\"><img decoding=\"async\" src=\"https:\/\/i.ibb.co\/s3CRDmc\/Whats-App-Image-2021-12-06-at-12-32-27-2.jpg\" alt=\"\"\/><\/figure>\n","protected":false},"excerpt":{"rendered":"<p>Durante el fin de semana, precisamente el domingo 5 de diciembre, Carina Cuevas particip\u00f3 de la Marat\u00f3n Ciudad de C\u00f3rdoba, una de las de mayor concurrencia de todo el pa\u00eds,&hellip; <\/p>\n","protected":false},"author":3,"featured_media":14701,"comment_status":"open","ping_status":"open","sticky":false,"template":"","format":"standard","meta":{"footnotes":""},"categories":[8,17],"tags":[],"class_list":["post-14699","post","type-post","status-publish","format-standard","has-post-thumbnail","hentry","category-deportes","category-destacadas"],"views":399,"_links":{"self":[{"href":"https:\/\/fmalicia.com.ar\/index.php?rest_route=\/wp\/v2\/posts\/14699","targetHints":{"allow":["GET"]}}],"collection":[{"href":"https:\/\/fmalicia.com.ar\/index.php?rest_route=\/wp\/v2\/posts"}],"about":[{"href":"https:\/\/fmalicia.com.ar\/index.php?rest_route=\/wp\/v2\/types\/post"}],"author":[{"embeddable":true,"href":"https:\/\/fmalicia.com.ar\/index.php?rest_route=\/wp\/v2\/users\/3"}],"replies":[{"embeddable":true,"href":"https:\/\/fmalicia.com.ar\/index.php?rest_route=%2Fwp%2Fv2%2Fcomments&post=14699"}],"version-history":[{"count":1,"href":"https:\/\/fmalicia.com.ar\/index.php?rest_route=\/wp\/v2\/posts\/14699\/revisions"}],"predecessor-version":[{"id":14700,"href":"https:\/\/fmalicia.com.ar\/index.php?rest_route=\/wp\/v2\/posts\/14699\/revisions\/14700"}],"wp:featuredmedia":[{"embeddable":true,"href":"https:\/\/fmalicia.com.ar\/index.php?rest_route=\/wp\/v2\/media\/14701"}],"wp:attachment":[{"href":"https:\/\/fmalicia.com.ar\/index.php?rest_route=%2Fwp%2Fv2%2Fmedia&parent=14699"}],"wp:term":[{"taxonomy":"category","embeddable":true,"href":"https:\/\/fmalicia.com.ar\/index.php?rest_route=%2Fwp%2Fv2%2Fcategories&post=14699"},{"taxonomy":"post_tag","embeddable":true,"href":"https:\/\/fmalicia.com.ar\/index.php?rest_route=%2Fwp%2Fv2%2Ftags&post=14699"}],"curies":[{"name":"wp","href":"https:\/\/api.w.org\/{rel}","templated":true}]}}