{"id":14626,"date":"2021-11-30T07:55:02","date_gmt":"2021-11-30T10:55:02","guid":{"rendered":"http:\/\/fmalicia.com.ar\/?p=14626"},"modified":"2021-11-30T07:55:04","modified_gmt":"2021-11-30T10:55:04","slug":"zona-rural-de-s-m-laspiur-joven-herido-de-disparo-accidental","status":"publish","type":"post","link":"https:\/\/fmalicia.com.ar\/?p=14626","title":{"rendered":"ZONA RURAL DE S.M.LASPIUR: JOVEN HERIDO DE DISPARO ACCIDENTAL"},"content":{"rendered":"\n<p>El hecho ocurri\u00f3 esta tarde en la zona rural de Laspiur, a unos 20 km del ejido urbano de la localidad y tuvo como protagonistas a dos masculinos que se desempe\u00f1an laboralmente en el lugar. De acuerdo a la informaci\u00f3n policial, ambos empleados fueron a cazar en una motocicleta a un sector del campo y cuando regresaron, la escopeta que portaban se encontraba cargada. Por circuntancias a establecer, se dispar\u00f3 accidentalmente, hiriendo a uno de ellos. R\u00e1pidamente fue convocado el personal medico y una ambulancia local para asistir al joven herido, quien presentaba una herida de arma de fuego a la altura de la ingle. El damnificado tiene 23 a\u00f1os y fue derivado a un nosocomio de la ciudad de San Francisco con lesiones de car\u00e1cter reservadas. Se labraron las actuaciones correspondientes dispuestas por la Fiscal\u00eda interviniente.<\/p>\n\n\n\n<figure class=\"wp-block-image size-large\"><img decoding=\"async\" src=\"https:\/\/scontent.fcor3-1.fna.fbcdn.net\/v\/t39.30808-6\/262517309_2351978351608406_6420497716092061808_n.jpg?_nc_cat=111&amp;ccb=1-5&amp;_nc_sid=8bfeb9&amp;_nc_eui2=AeHjPaMRyBfAUvvUrrcruM-VAOAYW-pkNYkA4Bhb6mQ1iaEWoaW9TTNm-kO8NGittuY&amp;_nc_ohc=OACKezSdJEUAX8hgydf&amp;_nc_ht=scontent.fcor3-1.fna&amp;oh=f7bf75d105740e53e0d33cbf25e4ef1a&amp;oe=61AA2BB8\" alt=\"\"\/><\/figure>\n","protected":false},"excerpt":{"rendered":"<p>El hecho ocurri\u00f3 esta tarde en la zona rural de Laspiur, a unos 20 km del ejido urbano de la localidad y tuvo como protagonistas a dos masculinos que se&hellip; <\/p>\n","protected":false},"author":2,"featured_media":14628,"comment_status":"open","ping_status":"open","sticky":false,"template":"","format":"standard","meta":{"footnotes":""},"categories":[3],"tags":[],"class_list":["post-14626","post","type-post","status-publish","format-standard","has-post-thumbnail","hentry","category-policiales"],"views":646,"_links":{"self":[{"href":"https:\/\/fmalicia.com.ar\/index.php?rest_route=\/wp\/v2\/posts\/14626","targetHints":{"allow":["GET"]}}],"collection":[{"href":"https:\/\/fmalicia.com.ar\/index.php?rest_route=\/wp\/v2\/posts"}],"about":[{"href":"https:\/\/fmalicia.com.ar\/index.php?rest_route=\/wp\/v2\/types\/post"}],"author":[{"embeddable":true,"href":"https:\/\/fmalicia.com.ar\/index.php?rest_route=\/wp\/v2\/users\/2"}],"replies":[{"embeddable":true,"href":"https:\/\/fmalicia.com.ar\/index.php?rest_route=%2Fwp%2Fv2%2Fcomments&post=14626"}],"version-history":[{"count":1,"href":"https:\/\/fmalicia.com.ar\/index.php?rest_route=\/wp\/v2\/posts\/14626\/revisions"}],"predecessor-version":[{"id":14627,"href":"https:\/\/fmalicia.com.ar\/index.php?rest_route=\/wp\/v2\/posts\/14626\/revisions\/14627"}],"wp:featuredmedia":[{"embeddable":true,"href":"https:\/\/fmalicia.com.ar\/index.php?rest_route=\/wp\/v2\/media\/14628"}],"wp:attachment":[{"href":"https:\/\/fmalicia.com.ar\/index.php?rest_route=%2Fwp%2Fv2%2Fmedia&parent=14626"}],"wp:term":[{"taxonomy":"category","embeddable":true,"href":"https:\/\/fmalicia.com.ar\/index.php?rest_route=%2Fwp%2Fv2%2Fcategories&post=14626"},{"taxonomy":"post_tag","embeddable":true,"href":"https:\/\/fmalicia.com.ar\/index.php?rest_route=%2Fwp%2Fv2%2Ftags&post=14626"}],"curies":[{"name":"wp","href":"https:\/\/api.w.org\/{rel}","templated":true}]}}