{"id":14622,"date":"2021-11-30T07:51:52","date_gmt":"2021-11-30T10:51:52","guid":{"rendered":"http:\/\/fmalicia.com.ar\/?p=14622"},"modified":"2021-11-30T07:51:55","modified_gmt":"2021-11-30T10:51:55","slug":"laspiur-golpiza-e-intento-de-abuso-sexual-a-menor-de-13-anos","status":"publish","type":"post","link":"https:\/\/fmalicia.com.ar\/?p=14622","title":{"rendered":"Laspiur: Golpiza e intento de abuso sexual a menor de 13 a\u00f1os"},"content":{"rendered":"\n<p>El grave y preocupante hecho ocurri\u00f3 el domingo a la madrugada en un sector del Centro C\u00edvico Emiliano Almada de Laspiur, cuando una adolescente de 13 a\u00f1os regresaba a su casa, luego de haber asistido a una fiesta. De acuerdo a la informaci\u00f3n, la menor retornaba acompa\u00f1ada por unos amigos pero al llegar al sector c\u00e9ntrico de la localidad se separa de los mismos para continuar sola el camino hacia su vivienda. En ese momento, es sorprendida y reducida por cuatro masculinos, quienes la golpean e intentaron concretar un abuso, que afortunadamente no se llev\u00f3 a cabo. Tras ser liberada, la v\u00edctima corri\u00f3 hacia su casa para contarles a sus padres de lo ocurrido. Sobre los atacantes, se inform\u00f3 que la v\u00edctima no logr\u00f3 visualizar sus rostros, pero por su contextura f\u00edsica ser\u00edan menores de edad. La causa recay\u00f3 inicialmente en la Fiscal\u00eda de Delitos Complejos, pero como los protagonistas del ataque y la v\u00edctima ser\u00edan menores fue girada al Juzgado Penal Juvenil de San Francisco que dirige el Doctor Andr\u00e9s Peretti. Cabe destacar, que se ordenaron las primeras acciones para determinar lo ocurrido en base a datos que aport\u00f3 la menor sobre la vestimenta y caracter\u00edsticas f\u00edsicas de sus atacantes.<\/p>\n\n\n\n<figure class=\"wp-block-image size-large is-resized\"><img loading=\"lazy\" decoding=\"async\" src=\"https:\/\/i.ibb.co\/N2CNC6x\/LASPIUR.jpg\" alt=\"\" width=\"442\" height=\"331\"\/><\/figure>\n\n\n\n<p>FUENTE Radio Centenario<\/p>\n","protected":false},"excerpt":{"rendered":"<p>El grave y preocupante hecho ocurri\u00f3 el domingo a la madrugada en un sector del Centro C\u00edvico Emiliano Almada de Laspiur, cuando una adolescente de 13 a\u00f1os regresaba a su&hellip; <\/p>\n","protected":false},"author":2,"featured_media":14625,"comment_status":"open","ping_status":"open","sticky":false,"template":"","format":"standard","meta":{"footnotes":""},"categories":[3],"tags":[],"class_list":["post-14622","post","type-post","status-publish","format-standard","has-post-thumbnail","hentry","category-policiales"],"views":700,"_links":{"self":[{"href":"https:\/\/fmalicia.com.ar\/index.php?rest_route=\/wp\/v2\/posts\/14622","targetHints":{"allow":["GET"]}}],"collection":[{"href":"https:\/\/fmalicia.com.ar\/index.php?rest_route=\/wp\/v2\/posts"}],"about":[{"href":"https:\/\/fmalicia.com.ar\/index.php?rest_route=\/wp\/v2\/types\/post"}],"author":[{"embeddable":true,"href":"https:\/\/fmalicia.com.ar\/index.php?rest_route=\/wp\/v2\/users\/2"}],"replies":[{"embeddable":true,"href":"https:\/\/fmalicia.com.ar\/index.php?rest_route=%2Fwp%2Fv2%2Fcomments&post=14622"}],"version-history":[{"count":2,"href":"https:\/\/fmalicia.com.ar\/index.php?rest_route=\/wp\/v2\/posts\/14622\/revisions"}],"predecessor-version":[{"id":14624,"href":"https:\/\/fmalicia.com.ar\/index.php?rest_route=\/wp\/v2\/posts\/14622\/revisions\/14624"}],"wp:featuredmedia":[{"embeddable":true,"href":"https:\/\/fmalicia.com.ar\/index.php?rest_route=\/wp\/v2\/media\/14625"}],"wp:attachment":[{"href":"https:\/\/fmalicia.com.ar\/index.php?rest_route=%2Fwp%2Fv2%2Fmedia&parent=14622"}],"wp:term":[{"taxonomy":"category","embeddable":true,"href":"https:\/\/fmalicia.com.ar\/index.php?rest_route=%2Fwp%2Fv2%2Fcategories&post=14622"},{"taxonomy":"post_tag","embeddable":true,"href":"https:\/\/fmalicia.com.ar\/index.php?rest_route=%2Fwp%2Fv2%2Ftags&post=14622"}],"curies":[{"name":"wp","href":"https:\/\/api.w.org\/{rel}","templated":true}]}}