{"id":1434,"date":"2021-06-07T07:56:17","date_gmt":"2021-06-07T10:56:17","guid":{"rendered":"https:\/\/fmalicia.com.ar\/?p=1434"},"modified":"2021-06-06T23:34:48","modified_gmt":"2021-06-07T02:34:48","slug":"fm-alicia-96-1-cumple-27-anos","status":"publish","type":"post","link":"https:\/\/fmalicia.com.ar\/?p=1434","title":{"rendered":"\u00a1FM Alicia 96.1 cumple 28 A\u00f1os!"},"content":{"rendered":"\n<p>Nac\u00eda en Alicia la primera radio FM&#8230;un <strong>7 de junio de 1993 a las 21:15<\/strong>. <\/p>\n\n\n\n<p>Un grupo de amigos&#8230;una idea&#8230;el apoyo econ\u00f3mico del Sr. Ricardo Ceirano y del Sr. Roberto Meyer&#8230;y un d\u00eda como hoy pero hace 28 a\u00f1os sal\u00edan al aire por primera vez desde su actual ubicaci\u00f3n: calle Entre R\u00edos 894, Alicia, provincia de C\u00f3rdoba. El Sr. Horacio &#8220;Lacho&#8221; Marshall ser\u00eda director y conductor de la emisora y el Sr. Javier Meyer  desde controles t\u00e9cnicos y puesta al aire.<\/p>\n\n\n\n<figure class=\"wp-block-image size-large\"><img decoding=\"async\" src=\"https:\/\/i.ibb.co\/Wx66r65\/all.jpg\" alt=\"\"\/><figcaption><em>De izq. a der. Sr. Ricardo Ceirano, Sr. Horacio &#8220;Lacho&#8221; Marshall, Sr. Javier Meyer, Sr. Roberto Meyer y Sra. Virginia Meyer. En uno de los festejos aniversario de la FM Alicia 96.1<\/em><\/figcaption><\/figure>\n\n\n\n<p>Al d\u00eda siguiente de su primera trasmisi\u00f3n, comenzaba el primer programa: &#8220;La m\u00fasica popular&#8221;, que estuvo 20 a\u00f1os al aire. A lo largo de los a\u00f1os, distintos programas, conductores y colaboradores han pasado y se han formado en la &#8220;96.1&#8221;, pionera en nuestra localidad en la Frecuencia Modulada.<\/p>\n\n\n\n<figure class=\"wp-block-image size-large is-resized\"><img loading=\"lazy\" decoding=\"async\" src=\"https:\/\/i.ibb.co\/MSg4xJq\/62068119-10214060946618270-5904023278153891840-o.jpg\" alt=\"\" width=\"434\" height=\"643\"\/><figcaption><em>Sr. Horacio Marshall (Lacho), Director y propietario de FM Alicia 96.1<\/em><\/figcaption><\/figure>\n\n\n\n<p>Nos enorgullece ser parte de FM Alicia, donde cada uno de quienes formaron o formamos parte a\u00fan, le han dado trascendencia a nuestra querida radio. Y aquellos que a\u00fan trabajamos para ella, hoy constituimos una familia: la de la <strong>96.1<\/strong>, o la de <strong>&#8220;la radio de Lacho&#8221;<\/strong>, como popularmente muchos la denominan.<\/p>\n\n\n\n<figure class=\"wp-block-image size-large is-resized\"><img loading=\"lazy\" decoding=\"async\" src=\"https:\/\/i.ibb.co\/BsJS29C\/Whats-App-Image-2021-06-06-at-22-39-51.jpg\" alt=\"\" width=\"669\" height=\"503\"\/><figcaption>CARO GUEVARA<\/figcaption><\/figure>\n\n\n\n<p>Hace mas de un a\u00f1o, otra idea, de un grupo de amigos, quiso darle nuevas alas a nuestra querida emisora, y hacer de ella un sello, que ya ten\u00eda identidad propia, s\u00f3lo que ahora era para el mundo. A trav\u00e9s de la p\u00e1gina y de las redes <em>&#8220;fmalicia contenidos&#8221;<\/em> est\u00e1 llegando a otras fronteras&#8230;all\u00ed donde quiz\u00e1s alguien de Alicia, del otro lado del mundo, escucha la 96.1 y se siente m\u00e1s cerca de casa&#8230;porque en definitiva la radio vino a eso&#8230;a acercarnos&#8230;desde hace 28 a\u00f1os ininterrumpidos. <strong>\u00a1Feliz Cumple querida 96.1!<\/strong><\/p>\n\n\n\n<p>Aclaramos ser\u00eda imposible cargar fotos de todos quienes formaron parte de esta historia, porque  ya pasaron por estos micr\u00f3fonos mas de 150 grandes personas!<\/p>\n\n\n\n<figure class=\"wp-block-image size-large is-resized\"><img loading=\"lazy\" decoding=\"async\" src=\"https:\/\/i.ibb.co\/S5dXn7T\/Whats-App-Image-2021-06-06-at-22-39-09.jpg\" alt=\"\" width=\"681\" height=\"719\"\/><figcaption>JAVIER &#8220;GARECA&#8221; MEYER<\/figcaption><\/figure>\n\n\n\n<figure class=\"wp-block-image size-large is-resized\"><img loading=\"lazy\" decoding=\"async\" src=\"https:\/\/i.ibb.co\/f1VvWKR\/TODOS.png\" alt=\"\" width=\"740\" height=\"615\"\/><figcaption>FLAVIA CABALLERO, CARINA CASAGRANDE, LACHO MARSHALL, SEBASTIAN DEL AGUA, LORENA SORIA, VANESA ARIETTI, CAROLINA GUEVARA Y ARIEL FORNERO <\/figcaption><\/figure>\n\n\n\n<figure class=\"wp-block-image size-large is-resized\"><img loading=\"lazy\" decoding=\"async\" src=\"https:\/\/i.ibb.co\/Y84HfnV\/Whats-App-Image-2021-06-06-at-22-43-16.jpg\" alt=\"\" width=\"656\" height=\"837\"\/><figcaption>CARINA ALTINA<\/figcaption><\/figure>\n\n\n\n<figure class=\"wp-block-image size-large is-resized\"><img loading=\"lazy\" decoding=\"async\" src=\"https:\/\/i.ibb.co\/1Rj3tfT\/Whats-App-Image-2021-06-06-at-22-49-24.jpg\" alt=\"\" width=\"418\" height=\"589\"\/><figcaption>CARINA ENRIA<\/figcaption><\/figure>\n\n\n\n<figure class=\"wp-block-image size-large is-resized\"><img loading=\"lazy\" decoding=\"async\" src=\"https:\/\/i.ibb.co\/JdW4Ytr\/Whats-App-Image-2021-06-06-at-22-47-37.jpg\" alt=\"\" width=\"871\" height=\"1163\"\/><figcaption>ANAHI \u00d1A\u00d1EZ<\/figcaption><\/figure>\n\n\n\n<figure class=\"wp-block-image size-large is-resized\"><img loading=\"lazy\" decoding=\"async\" src=\"https:\/\/i.ibb.co\/x1Hd8gG\/Whats-App-Image-2021-06-06-at-22-42-22.jpg\" alt=\"\" width=\"703\" height=\"512\"\/><figcaption>NOELIA BIOLATTO<\/figcaption><\/figure>\n\n\n\n<figure class=\"wp-block-image size-large is-resized\"><img loading=\"lazy\" decoding=\"async\" src=\"https:\/\/i.ibb.co\/x5sVgcD\/SANDRA.png\" alt=\"\" width=\"452\" height=\"600\"\/><figcaption>SANDRA FLORES<\/figcaption><\/figure>\n","protected":false},"excerpt":{"rendered":"<p>Nac\u00eda en Alicia la primera radio FM&#8230;un 7 de junio de 1993 a las 21:15. Un grupo de amigos&#8230;una idea&#8230;el apoyo econ\u00f3mico del Sr. Ricardo Ceirano y del Sr. Roberto&hellip; <\/p>\n","protected":false},"author":3,"featured_media":1437,"comment_status":"open","ping_status":"open","sticky":false,"template":"","format":"standard","meta":{"footnotes":""},"categories":[17,2],"tags":[],"class_list":["post-1434","post","type-post","status-publish","format-standard","has-post-thumbnail","hentry","category-destacadas","category-sociedad"],"views":2751,"_links":{"self":[{"href":"https:\/\/fmalicia.com.ar\/index.php?rest_route=\/wp\/v2\/posts\/1434","targetHints":{"allow":["GET"]}}],"collection":[{"href":"https:\/\/fmalicia.com.ar\/index.php?rest_route=\/wp\/v2\/posts"}],"about":[{"href":"https:\/\/fmalicia.com.ar\/index.php?rest_route=\/wp\/v2\/types\/post"}],"author":[{"embeddable":true,"href":"https:\/\/fmalicia.com.ar\/index.php?rest_route=\/wp\/v2\/users\/3"}],"replies":[{"embeddable":true,"href":"https:\/\/fmalicia.com.ar\/index.php?rest_route=%2Fwp%2Fv2%2Fcomments&post=1434"}],"version-history":[{"count":4,"href":"https:\/\/fmalicia.com.ar\/index.php?rest_route=\/wp\/v2\/posts\/1434\/revisions"}],"predecessor-version":[{"id":11255,"href":"https:\/\/fmalicia.com.ar\/index.php?rest_route=\/wp\/v2\/posts\/1434\/revisions\/11255"}],"wp:featuredmedia":[{"embeddable":true,"href":"https:\/\/fmalicia.com.ar\/index.php?rest_route=\/wp\/v2\/media\/1437"}],"wp:attachment":[{"href":"https:\/\/fmalicia.com.ar\/index.php?rest_route=%2Fwp%2Fv2%2Fmedia&parent=1434"}],"wp:term":[{"taxonomy":"category","embeddable":true,"href":"https:\/\/fmalicia.com.ar\/index.php?rest_route=%2Fwp%2Fv2%2Fcategories&post=1434"},{"taxonomy":"post_tag","embeddable":true,"href":"https:\/\/fmalicia.com.ar\/index.php?rest_route=%2Fwp%2Fv2%2Ftags&post=1434"}],"curies":[{"name":"wp","href":"https:\/\/api.w.org\/{rel}","templated":true}]}}