{"id":1307,"date":"2024-06-04T08:44:41","date_gmt":"2024-06-04T11:44:41","guid":{"rendered":"https:\/\/fmalicia.com.ar\/?p=1307"},"modified":"2024-06-04T09:42:12","modified_gmt":"2024-06-04T12:42:12","slug":"4-de-junio-dia-del-cuarteto","status":"publish","type":"post","link":"https:\/\/fmalicia.com.ar\/?p=1307","title":{"rendered":"4 de junio: D\u00eda del Cuarteto"},"content":{"rendered":"\n<p>Cada 4 de junio se celebra el D\u00eda del Cuarteto, la m\u00fasica m\u00e1s popular de C\u00f3rdoba, en conmemoraci\u00f3n a la primera presentaci\u00f3n en vivo del Cuarteto Leo en 1943.<\/p>\n\n\n\n<p>El grupo encabezado por Leonor Marzano sac\u00f3 a la luz por primera vez ritmos de la m\u00fasica heredada de los inmigrantes, pero m\u00e1s alegre y bailable, en un concierto en el auditorio de la radio LV3 (actual&nbsp;Cadena 3).<\/p>\n\n\n\n<p>La transmisi\u00f3n radial de cuarteto de la historia encant\u00f3 a numerosos pueblos del interior y se los llev\u00f3 a trasladar el &#8220;tunga tunga&#8221; a Colonia Las Pichanas.<\/p>\n\n\n\n<figure class=\"wp-block-image size-large\"><img decoding=\"async\" src=\"https:\/\/i.ibb.co\/J7v7rqz\/ARCHI-763139.jpg\" alt=\"\"\/><\/figure>\n\n\n\n<p>Tambi\u00e9n es correcto si escuchamos que el 5 de junio se celebra el D\u00eda del Cuarteto, porque en esa misma fecha, pero del 2000, falleci\u00f3 Manuel Mauricio C\u00e1novas, fundador de Trulal\u00e1.\u00a0&#8220;Manolito&#8221;, reconocido como un formador de cantantes, estaba internado en coma desde hac\u00eda un a\u00f1o tras sufrir un ataque cerebro vascular. Sus hijos continuaron con la banda, que hasta el momento ya suma 35 a\u00f1os de trayectoria.<\/p>\n\n\n\n\n\n<figure class=\"wp-block-image size-large is-resized\"><img decoding=\"async\" src=\"https:\/\/i.ibb.co\/QjThZD6\/descarga.jpg\" alt=\"\" style=\"width:339px;height:253px\"\/><figcaption class=\"wp-element-caption\">&#8220;Mauri&#8221; C\u00e1novas y &#8220;Manolo&#8221; C\u00e1novas en Trulal\u00e1<\/figcaption><\/figure>\n\n\n\n<p>El Concejo Deliberante de C\u00f3rdoba capital declar\u00f3 al cuarteto el 5 de julio de 2013 como &#8220;patrimonio cultural&#8221; de la ciudad y habilit\u00f3 a las escuelas municipales a incluir contenidos pedag\u00f3gicos vinculados con la historia y significaci\u00f3n de este g\u00e9nero musical tan popular en todo el territorio mediterr\u00e1neo.<\/p>\n\n\n\n<p>Fuente: Cadena3 y eldoce.com<\/p>\n","protected":false},"excerpt":{"rendered":"<p>Cada 4 de junio se celebra el D\u00eda del Cuarteto, la m\u00fasica m\u00e1s popular de C\u00f3rdoba, en conmemoraci\u00f3n a la primera presentaci\u00f3n en vivo del Cuarteto Leo en 1943. El&hellip; <\/p>\n","protected":false},"author":3,"featured_media":1310,"comment_status":"open","ping_status":"open","sticky":false,"template":"","format":"standard","meta":{"footnotes":""},"categories":[17,2],"tags":[],"class_list":["post-1307","post","type-post","status-publish","format-standard","has-post-thumbnail","hentry","category-destacadas","category-sociedad"],"views":520,"_links":{"self":[{"href":"https:\/\/fmalicia.com.ar\/index.php?rest_route=\/wp\/v2\/posts\/1307","targetHints":{"allow":["GET"]}}],"collection":[{"href":"https:\/\/fmalicia.com.ar\/index.php?rest_route=\/wp\/v2\/posts"}],"about":[{"href":"https:\/\/fmalicia.com.ar\/index.php?rest_route=\/wp\/v2\/types\/post"}],"author":[{"embeddable":true,"href":"https:\/\/fmalicia.com.ar\/index.php?rest_route=\/wp\/v2\/users\/3"}],"replies":[{"embeddable":true,"href":"https:\/\/fmalicia.com.ar\/index.php?rest_route=%2Fwp%2Fv2%2Fcomments&post=1307"}],"version-history":[{"count":2,"href":"https:\/\/fmalicia.com.ar\/index.php?rest_route=\/wp\/v2\/posts\/1307\/revisions"}],"predecessor-version":[{"id":24895,"href":"https:\/\/fmalicia.com.ar\/index.php?rest_route=\/wp\/v2\/posts\/1307\/revisions\/24895"}],"wp:featuredmedia":[{"embeddable":true,"href":"https:\/\/fmalicia.com.ar\/index.php?rest_route=\/wp\/v2\/media\/1310"}],"wp:attachment":[{"href":"https:\/\/fmalicia.com.ar\/index.php?rest_route=%2Fwp%2Fv2%2Fmedia&parent=1307"}],"wp:term":[{"taxonomy":"category","embeddable":true,"href":"https:\/\/fmalicia.com.ar\/index.php?rest_route=%2Fwp%2Fv2%2Fcategories&post=1307"},{"taxonomy":"post_tag","embeddable":true,"href":"https:\/\/fmalicia.com.ar\/index.php?rest_route=%2Fwp%2Fv2%2Ftags&post=1307"}],"curies":[{"name":"wp","href":"https:\/\/api.w.org\/{rel}","templated":true}]}}