{"id":11556,"date":"2021-06-17T09:11:34","date_gmt":"2021-06-17T12:11:34","guid":{"rendered":"https:\/\/fmalicia.com.ar\/?p=11556"},"modified":"2021-06-17T09:11:37","modified_gmt":"2021-06-17T12:11:37","slug":"la-liga-regional-de-futbol-proyectaria-un-nuevo-formato","status":"publish","type":"post","link":"https:\/\/fmalicia.com.ar\/?p=11556","title":{"rendered":"La liga regional de futbol proyectar\u00eda un nuevo formato"},"content":{"rendered":"\n<p>El inicio de la actividad competitiva de futbol se dar\u00eda aparentemente la \u00faltima semana de Agosto o en las dos primeras de Setiembre, en estos dias se habla de la posibilidad <strong>de que en los pr\u00f3ximos d\u00edas se daria a conocerun nuevo formato de campeonato para el f\u00fatbol Mayor (en cuanto a los infantiles seguiria  la forma de competencia y  de ganadores solo por zonas).<\/strong><\/p>\n\n\n\n<p><strong>La nueva modalidad tendr\u00eda divisiones de grupos en cada una de las cinco zonas para reducir al m\u00e1ximo las distancias de los viajes, se jugar\u00eda el Apertura en dos ruedas todos contra todos y clasificar\u00eda al Absoluto el primero y segundo a excepci\u00f3n de la Oeste y Noroeste en donde lo har\u00edan tres equipos. Quedar\u00edan veinte equipos clasificados para la fase final y  veintid\u00f3s no clasificados que deber\u00edan jugar un certamen Clasificatorio.<\/strong><\/p>\n\n\n\n<p><strong>Nuestra zona Sur se dividiria en estos Grupos:<\/strong><\/p>\n\n\n\n<p><strong>Grupo A:\u00a0 \u00a0Uni\u00f3n, Fort\u00edn Sp, Filo y Al Carrilobo.<\/strong><\/p>\n\n\n\n<p><strong>.<\/strong><\/p>\n\n\n\n<p><strong>Grupo B:\u00a0 \u00a0Hurac\u00e1n, <strong>Mitre<\/strong>,  Almafuerte y Recreativo SB.<\/strong><\/p>\n\n\n\n<p><strong>Grupo C:\u00a0 <strong>S C Sacanta<\/strong>,ADEA, Granaderos Las Varas y U D Laspiur.<\/strong><\/p>\n\n\n\n<p>Aclaramos que esto por el momento son rumores de dirigentes de los clubes, a quienes les habr\u00eda llegado esta informaci\u00f3n.-<\/p>\n\n\n\n<figure class=\"wp-block-image size-large is-resized\"><img loading=\"lazy\" decoding=\"async\" src=\"https:\/\/i.ibb.co\/BT7vMcT\/descarga.jpg\" alt=\"\" width=\"642\" height=\"390\"\/><\/figure>\n","protected":false},"excerpt":{"rendered":"<p>El inicio de la actividad competitiva de futbol se dar\u00eda aparentemente la \u00faltima semana de Agosto o en las dos primeras de Setiembre, en estos dias se habla de la&hellip; <\/p>\n","protected":false},"author":2,"featured_media":11558,"comment_status":"open","ping_status":"open","sticky":false,"template":"","format":"standard","meta":{"footnotes":""},"categories":[8,17],"tags":[],"class_list":["post-11556","post","type-post","status-publish","format-standard","has-post-thumbnail","hentry","category-deportes","category-destacadas"],"views":214,"_links":{"self":[{"href":"https:\/\/fmalicia.com.ar\/index.php?rest_route=\/wp\/v2\/posts\/11556","targetHints":{"allow":["GET"]}}],"collection":[{"href":"https:\/\/fmalicia.com.ar\/index.php?rest_route=\/wp\/v2\/posts"}],"about":[{"href":"https:\/\/fmalicia.com.ar\/index.php?rest_route=\/wp\/v2\/types\/post"}],"author":[{"embeddable":true,"href":"https:\/\/fmalicia.com.ar\/index.php?rest_route=\/wp\/v2\/users\/2"}],"replies":[{"embeddable":true,"href":"https:\/\/fmalicia.com.ar\/index.php?rest_route=%2Fwp%2Fv2%2Fcomments&post=11556"}],"version-history":[{"count":1,"href":"https:\/\/fmalicia.com.ar\/index.php?rest_route=\/wp\/v2\/posts\/11556\/revisions"}],"predecessor-version":[{"id":11557,"href":"https:\/\/fmalicia.com.ar\/index.php?rest_route=\/wp\/v2\/posts\/11556\/revisions\/11557"}],"wp:featuredmedia":[{"embeddable":true,"href":"https:\/\/fmalicia.com.ar\/index.php?rest_route=\/wp\/v2\/media\/11558"}],"wp:attachment":[{"href":"https:\/\/fmalicia.com.ar\/index.php?rest_route=%2Fwp%2Fv2%2Fmedia&parent=11556"}],"wp:term":[{"taxonomy":"category","embeddable":true,"href":"https:\/\/fmalicia.com.ar\/index.php?rest_route=%2Fwp%2Fv2%2Fcategories&post=11556"},{"taxonomy":"post_tag","embeddable":true,"href":"https:\/\/fmalicia.com.ar\/index.php?rest_route=%2Fwp%2Fv2%2Ftags&post=11556"}],"curies":[{"name":"wp","href":"https:\/\/api.w.org\/{rel}","templated":true}]}}