{"id":11527,"date":"2021-06-16T09:33:31","date_gmt":"2021-06-16T12:33:31","guid":{"rendered":"https:\/\/fmalicia.com.ar\/?p=11527"},"modified":"2021-06-16T10:57:12","modified_gmt":"2021-06-16T13:57:12","slug":"dos-personas-fallecidas-y-cuatro-heridas-en-el-accidente-de-ruta-prov-13","status":"publish","type":"post","link":"https:\/\/fmalicia.com.ar\/?p=11527","title":{"rendered":"CONDUCTORES DE AUTOM\u00d3VILES PERDIERON LA VIDA EN UN ACCIDENTE DE TR\u00c1NSITO SOBRE LA RUTA 13"},"content":{"rendered":"\n<p>A las 7 de la ma\u00f1ana se tom\u00f3 conocimiento de un tr\u00e1gico accidente de tr\u00e1nsito ocurrido sobre la Ruta Pcial N\u00b0 13 a la altura del km 126, protagonizado por un autom\u00f3vil Volkswagen Gol color gris que era conducido por un joven de 24 a\u00f1os oriundo de la localidad de Alicia; que por causas que se tratan de establecer colision\u00f3 con una camioneta Ford Eco Sport color negra que era conducida por un hombre de 60 a\u00f1os acompa\u00f1ado de dos mujeres mayores de edad y dos menores todos oriundos de la localidad de Las Parejas Santa Fe. Producto del impacto ambos conductores perdieron la vida, mientras que los dem\u00e1s acompa\u00f1antes fueron trasladados al Hospital Municipal sufriendo traumatismos graves. Intervino Fiscal\u00eda de Instrucci\u00f3n de Las Varillas. Trabajan en el lugar Personal Policial, Polic\u00eda Judicial y Bomberos Voluntarios.<\/p>\n\n\n\n<figure class=\"wp-block-image size-large\"><img decoding=\"async\" src=\"https:\/\/i.ibb.co\/FqzPmd4\/acc.jpg\" alt=\"\"\/><\/figure>\n","protected":false},"excerpt":{"rendered":"<p>A las 7 de la ma\u00f1ana se tom\u00f3 conocimiento de un tr\u00e1gico accidente de tr\u00e1nsito ocurrido sobre la Ruta Pcial N\u00b0 13 a la altura del km 126, protagonizado por&hellip; <\/p>\n","protected":false},"author":2,"featured_media":11529,"comment_status":"open","ping_status":"open","sticky":false,"template":"","format":"standard","meta":{"footnotes":""},"categories":[3],"tags":[],"class_list":["post-11527","post","type-post","status-publish","format-standard","has-post-thumbnail","hentry","category-policiales"],"views":881,"_links":{"self":[{"href":"https:\/\/fmalicia.com.ar\/index.php?rest_route=\/wp\/v2\/posts\/11527","targetHints":{"allow":["GET"]}}],"collection":[{"href":"https:\/\/fmalicia.com.ar\/index.php?rest_route=\/wp\/v2\/posts"}],"about":[{"href":"https:\/\/fmalicia.com.ar\/index.php?rest_route=\/wp\/v2\/types\/post"}],"author":[{"embeddable":true,"href":"https:\/\/fmalicia.com.ar\/index.php?rest_route=\/wp\/v2\/users\/2"}],"replies":[{"embeddable":true,"href":"https:\/\/fmalicia.com.ar\/index.php?rest_route=%2Fwp%2Fv2%2Fcomments&post=11527"}],"version-history":[{"count":2,"href":"https:\/\/fmalicia.com.ar\/index.php?rest_route=\/wp\/v2\/posts\/11527\/revisions"}],"predecessor-version":[{"id":11532,"href":"https:\/\/fmalicia.com.ar\/index.php?rest_route=\/wp\/v2\/posts\/11527\/revisions\/11532"}],"wp:featuredmedia":[{"embeddable":true,"href":"https:\/\/fmalicia.com.ar\/index.php?rest_route=\/wp\/v2\/media\/11529"}],"wp:attachment":[{"href":"https:\/\/fmalicia.com.ar\/index.php?rest_route=%2Fwp%2Fv2%2Fmedia&parent=11527"}],"wp:term":[{"taxonomy":"category","embeddable":true,"href":"https:\/\/fmalicia.com.ar\/index.php?rest_route=%2Fwp%2Fv2%2Fcategories&post=11527"},{"taxonomy":"post_tag","embeddable":true,"href":"https:\/\/fmalicia.com.ar\/index.php?rest_route=%2Fwp%2Fv2%2Ftags&post=11527"}],"curies":[{"name":"wp","href":"https:\/\/api.w.org\/{rel}","templated":true}]}}