{"id":11454,"date":"2021-06-14T11:30:48","date_gmt":"2021-06-14T14:30:48","guid":{"rendered":"https:\/\/fmalicia.com.ar\/?p=11454"},"modified":"2021-06-14T11:30:51","modified_gmt":"2021-06-14T14:30:51","slug":"forma-parte-del-proyecto-de-huerta-agroecologica-comunitaria","status":"publish","type":"post","link":"https:\/\/fmalicia.com.ar\/?p=11454","title":{"rendered":"Forma parte del Proyecto de Huerta Agroecol\u00f3gica Comunitaria."},"content":{"rendered":"\n<p>El \u00c1rea de Bromatolog\u00eda y Medio Ambiente y el \u00c1rea de Cultura y Recreaci\u00f3n invitan a toda persona interesada en formar parte del Proyecto de Huerta Agroecol\u00f3gica Comunitaria.<br>La propuesta tiene por objetivo la creaci\u00f3n de un espacio de capacitaci\u00f3n e intercambio a partir de la experiencia de autoproducir alimentos, trabajando la tierra con enfoque agroecol\u00f3gico. Adem\u00e1s, pretende educar respecto a h\u00e1bitos saludables y formas sustentables de producci\u00f3n.<br>El trabajo comunitario favorece el fortalecimiento de v\u00ednculos sociales basados en la solidaridad, uni\u00f3n y mutualismo. Te esperamos para conformar este Equipo de Trabajo. Comunicate a los siguientes tel\u00e9fonos: 3533 \u2013 447712 \/ 438682<\/p>\n\n\n\n<h1 class=\"wp-block-heading\">FomentandoHuertas<\/h1>\n\n\n\n<figure class=\"wp-block-image size-large is-resized\"><img loading=\"lazy\" decoding=\"async\" src=\"https:\/\/i.ibb.co\/ck03zfb\/Whats-App-Image-2021-06-14-at-10-46-51.jpg\" alt=\"\" width=\"791\" height=\"790\"\/><\/figure>\n","protected":false},"excerpt":{"rendered":"<p>El \u00c1rea de Bromatolog\u00eda y Medio Ambiente y el \u00c1rea de Cultura y Recreaci\u00f3n invitan a toda persona interesada en formar parte del Proyecto de Huerta Agroecol\u00f3gica Comunitaria.La propuesta tiene&hellip; <\/p>\n","protected":false},"author":2,"featured_media":11456,"comment_status":"open","ping_status":"open","sticky":false,"template":"","format":"standard","meta":{"footnotes":""},"categories":[1,4,2],"tags":[],"class_list":["post-11454","post","type-post","status-publish","format-standard","has-post-thumbnail","hentry","category-culturales","category-locales","category-sociedad"],"views":658,"_links":{"self":[{"href":"https:\/\/fmalicia.com.ar\/index.php?rest_route=\/wp\/v2\/posts\/11454","targetHints":{"allow":["GET"]}}],"collection":[{"href":"https:\/\/fmalicia.com.ar\/index.php?rest_route=\/wp\/v2\/posts"}],"about":[{"href":"https:\/\/fmalicia.com.ar\/index.php?rest_route=\/wp\/v2\/types\/post"}],"author":[{"embeddable":true,"href":"https:\/\/fmalicia.com.ar\/index.php?rest_route=\/wp\/v2\/users\/2"}],"replies":[{"embeddable":true,"href":"https:\/\/fmalicia.com.ar\/index.php?rest_route=%2Fwp%2Fv2%2Fcomments&post=11454"}],"version-history":[{"count":1,"href":"https:\/\/fmalicia.com.ar\/index.php?rest_route=\/wp\/v2\/posts\/11454\/revisions"}],"predecessor-version":[{"id":11455,"href":"https:\/\/fmalicia.com.ar\/index.php?rest_route=\/wp\/v2\/posts\/11454\/revisions\/11455"}],"wp:featuredmedia":[{"embeddable":true,"href":"https:\/\/fmalicia.com.ar\/index.php?rest_route=\/wp\/v2\/media\/11456"}],"wp:attachment":[{"href":"https:\/\/fmalicia.com.ar\/index.php?rest_route=%2Fwp%2Fv2%2Fmedia&parent=11454"}],"wp:term":[{"taxonomy":"category","embeddable":true,"href":"https:\/\/fmalicia.com.ar\/index.php?rest_route=%2Fwp%2Fv2%2Fcategories&post=11454"},{"taxonomy":"post_tag","embeddable":true,"href":"https:\/\/fmalicia.com.ar\/index.php?rest_route=%2Fwp%2Fv2%2Ftags&post=11454"}],"curies":[{"name":"wp","href":"https:\/\/api.w.org\/{rel}","templated":true}]}}