{"id":11451,"date":"2021-06-14T11:27:37","date_gmt":"2021-06-14T14:27:37","guid":{"rendered":"https:\/\/fmalicia.com.ar\/?p=11451"},"modified":"2021-06-14T12:07:06","modified_gmt":"2021-06-14T15:07:06","slug":"11451","status":"publish","type":"post","link":"https:\/\/fmalicia.com.ar\/?p=11451","title":{"rendered":"Un abogado del foro de San Francisco deber\u00e1 realizar un curso sobre violencia de genero"},"content":{"rendered":"\n<p>Un abogado del foro de San Francisco deber\u00e1 realizar un curso en donde se aborde la problem\u00e1tica de la violencia de g\u00e9nero. As\u00ed determin\u00f3 un juez de esta ciudad debido a la presentaci\u00f3n por parte del letrado de un escrito en el cu\u00e1l utiliz\u00f3 t\u00e9rminos que ser\u00edan peyorativos en relaci\u00f3n a cuestiones de g\u00e9nero.<\/p>\n\n\n\n<p>Por esa raz\u00f3n un magistrado de San Francisco le habr\u00eda ordenado al letrado en cuesti\u00f3n la realizaci\u00f3n de un curso sobre cuestiones de g\u00e9nero.<\/p>\n\n\n\n<p>La fuente consultada indic\u00f3 que la conducta del abogado sanfrancisque\u00f1o ser\u00eda similar a la que tuvo un letrado hacia la fiscal de Cruz del Eje la alice\u00f1a Dra. Fabiana Pochettino. En ese caso, el abogado -que defend\u00eda a un hombre acusado de &#8220;abuso sexual y violencia de g\u00e9nero&#8221;- en disconformidad con la decisi\u00f3n adoptada por la fiscal Pochettino de elevar la causa a juicio en el escrito que present\u00f3 oponi\u00e9ndose trat\u00f3 a la representante del Ministerio P\u00fablico Fiscal como &#8220;feminazi&#8221;.<\/p>\n\n\n\n<p>La fuente tribunalicia consultada indic\u00f3 que las expresiones vertidas por el abogado en el escrito no alcanzan la gravedad de lo ocurrido en Cruz del Eje pero de todos modos el letrado debe ser sancionado.<\/p>\n\n\n\n<p>La misma fuente se\u00f1al\u00f3 que este abogado ahora puede apelar la sanci\u00f3n que le aplic\u00f3 el magistrado en cuesti\u00f3n. Para ello deber\u00e1 recurrir ante la C\u00e1mara Criminal y Correccional de San Francisco, la cual deber\u00e1 decidir si hace lugar al pedido del abogado o confirma la sanci\u00f3n impuesta por el juez. Esta presentaci\u00f3n habr\u00eda sucedido en las \u00faltimas horas.<\/p>\n\n\n\n<p><strong>La fuente que cita esta informaci\u00f3n<\/strong>&nbsp;consult\u00f3 al Colegio de Abogados de la 5\u00aa Circunscripci\u00f3n Judicial de San Francisco y desde all\u00ed se inform\u00f3 que hasta el momento no hab\u00edan recibido ninguna notificaci\u00f3n en relaci\u00f3n a una presunta sanci\u00f3n aplicada a alg\u00fan colegiado.&nbsp;En tanto, explicaron que &#8220;el juez, en el marco de un proceso, puede imponer una sanci\u00f3n disciplinaria que puede ser un apercibimiento u otra medida, pero aclaramos que no es la sanci\u00f3n del Tribunal de Disciplina de Abogados, el magistrado puede llamarle la atenci\u00f3n y girar las actuaciones al Tribunal de Disciplina de la provincia para que se analice el tema y se le imponga una sanci\u00f3n propia&#8221;.<\/p>\n\n\n\n<p>&#8220;Otra de las medidas que puede adoptar el juez es la de girar los antecedentes al Tribunal de Disciplina sin necesidad de informar al Colegio de Abogados, el magistrado puede solicitar que el Tribunal de Disciplina puede solicitar que se le imponga otra sanci\u00f3n aparte de la que \u00e9l le impuso&#8221;, agregaron.&nbsp;<\/p>\n\n\n\n<p>Fuente: La voz de San Justo<\/p>\n\n\n\n<figure class=\"wp-block-image size-large is-resized\"><img loading=\"lazy\" decoding=\"async\" src=\"https:\/\/i.ibb.co\/pn1XgrP\/tribunales.jpg\" alt=\"\" width=\"802\" height=\"602\"\/><\/figure>\n","protected":false},"excerpt":{"rendered":"<p>Un abogado del foro de San Francisco deber\u00e1 realizar un curso en donde se aborde la problem\u00e1tica de la violencia de g\u00e9nero. As\u00ed determin\u00f3 un juez de esta ciudad debido&hellip; <\/p>\n","protected":false},"author":2,"featured_media":11453,"comment_status":"open","ping_status":"open","sticky":false,"template":"","format":"standard","meta":{"footnotes":""},"categories":[17,2],"tags":[],"class_list":["post-11451","post","type-post","status-publish","format-standard","has-post-thumbnail","hentry","category-destacadas","category-sociedad"],"views":529,"_links":{"self":[{"href":"https:\/\/fmalicia.com.ar\/index.php?rest_route=\/wp\/v2\/posts\/11451","targetHints":{"allow":["GET"]}}],"collection":[{"href":"https:\/\/fmalicia.com.ar\/index.php?rest_route=\/wp\/v2\/posts"}],"about":[{"href":"https:\/\/fmalicia.com.ar\/index.php?rest_route=\/wp\/v2\/types\/post"}],"author":[{"embeddable":true,"href":"https:\/\/fmalicia.com.ar\/index.php?rest_route=\/wp\/v2\/users\/2"}],"replies":[{"embeddable":true,"href":"https:\/\/fmalicia.com.ar\/index.php?rest_route=%2Fwp%2Fv2%2Fcomments&post=11451"}],"version-history":[{"count":2,"href":"https:\/\/fmalicia.com.ar\/index.php?rest_route=\/wp\/v2\/posts\/11451\/revisions"}],"predecessor-version":[{"id":11467,"href":"https:\/\/fmalicia.com.ar\/index.php?rest_route=\/wp\/v2\/posts\/11451\/revisions\/11467"}],"wp:featuredmedia":[{"embeddable":true,"href":"https:\/\/fmalicia.com.ar\/index.php?rest_route=\/wp\/v2\/media\/11453"}],"wp:attachment":[{"href":"https:\/\/fmalicia.com.ar\/index.php?rest_route=%2Fwp%2Fv2%2Fmedia&parent=11451"}],"wp:term":[{"taxonomy":"category","embeddable":true,"href":"https:\/\/fmalicia.com.ar\/index.php?rest_route=%2Fwp%2Fv2%2Fcategories&post=11451"},{"taxonomy":"post_tag","embeddable":true,"href":"https:\/\/fmalicia.com.ar\/index.php?rest_route=%2Fwp%2Fv2%2Ftags&post=11451"}],"curies":[{"name":"wp","href":"https:\/\/api.w.org\/{rel}","templated":true}]}}