{"id":11410,"date":"2021-06-11T19:16:30","date_gmt":"2021-06-11T22:16:30","guid":{"rendered":"https:\/\/fmalicia.com.ar\/?p=11410"},"modified":"2021-06-11T19:16:32","modified_gmt":"2021-06-11T22:16:32","slug":"dr-gerhard-j-lust-a-cuatro-anos-de-su-partida-lo-recordamos","status":"publish","type":"post","link":"https:\/\/fmalicia.com.ar\/?p=11410","title":{"rendered":"Dr. Gerhard J. Lust, a cuatro a\u00f1os de su partida lo recordamos!"},"content":{"rendered":"\n<p>Un joven m\u00e9dico inquieto lleg\u00f3 un d\u00eda por estas tierras, transform\u00e1ndose en el doctor requerido especialmente por las mam\u00e1s para sus peque\u00f1os hijos, seg\u00fan dec\u00edan,  entend\u00eda muy bien el mal de los mas chicos y enseguida recuperaban su salud. Luego vendr\u00eda su gesti\u00f3n como Intendente Municipal, y en esa tarea se impuso grandes desaf\u00edos que los alice\u00f1os de hoy, aun disfrutamos y agradecemos por haberlos hecho realidad para una sociedad que anhelaba  progreso como sus tantas gestiones por la construcci\u00f3n de la ruta 13, gestiones para el dispensario Municipal. No olvidamos su paso como Presidente de la CESPAL donde consigui\u00f3 muchos avances importantes, red de agua potable, mejoramiento de las comunicaciones que permitieron seguir progresando, recordamos tambi\u00e9n que se est\u00e1n por cumplir 50 a\u00f1os de que fundara de la Biblioteca Jos\u00e9 Hern\u00e1ndez, quienes fuimos sus alumnos y no dejamos en el olvido el importante aporte para la concreci\u00f3n de la filial de LALCEC.<\/p>\n\n\n\n<p> QUERIDO Y RECORDADO DOCTOR LUST, TANTAS FUERON SUS OBRAS EN NUESTRO PUEBLO QUE LOS ALICE\u00d1OS ESTAREMOS ETERNAMENTE EL HABERNOS ELEGIDO COMO EL SITIO PARA VIVIR CON SU FAMILIA Y APORTAR TANTO A NUESTRA SOCIEDAD. NUNCA LO OLVIDAREMOS!<\/p>\n\n\n\n<figure class=\"wp-block-image size-large is-resized\"><img loading=\"lazy\" decoding=\"async\" src=\"https:\/\/i.ibb.co\/0fJzbp1\/Whats-App-Image-2021-06-11-at-18-23-47.jpg\" alt=\"\" width=\"599\" height=\"870\"\/><\/figure>\n","protected":false},"excerpt":{"rendered":"<p>Un joven m\u00e9dico inquieto lleg\u00f3 un d\u00eda por estas tierras, transform\u00e1ndose en el doctor requerido especialmente por las mam\u00e1s para sus peque\u00f1os hijos, seg\u00fan dec\u00edan, entend\u00eda muy bien el mal&hellip; <\/p>\n","protected":false},"author":2,"featured_media":11412,"comment_status":"open","ping_status":"open","sticky":false,"template":"","format":"standard","meta":{"footnotes":""},"categories":[17,2],"tags":[],"class_list":["post-11410","post","type-post","status-publish","format-standard","has-post-thumbnail","hentry","category-destacadas","category-sociedad"],"views":365,"_links":{"self":[{"href":"https:\/\/fmalicia.com.ar\/index.php?rest_route=\/wp\/v2\/posts\/11410","targetHints":{"allow":["GET"]}}],"collection":[{"href":"https:\/\/fmalicia.com.ar\/index.php?rest_route=\/wp\/v2\/posts"}],"about":[{"href":"https:\/\/fmalicia.com.ar\/index.php?rest_route=\/wp\/v2\/types\/post"}],"author":[{"embeddable":true,"href":"https:\/\/fmalicia.com.ar\/index.php?rest_route=\/wp\/v2\/users\/2"}],"replies":[{"embeddable":true,"href":"https:\/\/fmalicia.com.ar\/index.php?rest_route=%2Fwp%2Fv2%2Fcomments&post=11410"}],"version-history":[{"count":1,"href":"https:\/\/fmalicia.com.ar\/index.php?rest_route=\/wp\/v2\/posts\/11410\/revisions"}],"predecessor-version":[{"id":11411,"href":"https:\/\/fmalicia.com.ar\/index.php?rest_route=\/wp\/v2\/posts\/11410\/revisions\/11411"}],"wp:featuredmedia":[{"embeddable":true,"href":"https:\/\/fmalicia.com.ar\/index.php?rest_route=\/wp\/v2\/media\/11412"}],"wp:attachment":[{"href":"https:\/\/fmalicia.com.ar\/index.php?rest_route=%2Fwp%2Fv2%2Fmedia&parent=11410"}],"wp:term":[{"taxonomy":"category","embeddable":true,"href":"https:\/\/fmalicia.com.ar\/index.php?rest_route=%2Fwp%2Fv2%2Fcategories&post=11410"},{"taxonomy":"post_tag","embeddable":true,"href":"https:\/\/fmalicia.com.ar\/index.php?rest_route=%2Fwp%2Fv2%2Ftags&post=11410"}],"curies":[{"name":"wp","href":"https:\/\/api.w.org\/{rel}","templated":true}]}}