{"id":11403,"date":"2021-06-11T12:52:32","date_gmt":"2021-06-11T15:52:32","guid":{"rendered":"https:\/\/fmalicia.com.ar\/?p=11403"},"modified":"2021-06-11T12:52:34","modified_gmt":"2021-06-11T15:52:34","slug":"invitacion-a-la-1o-expo-congreso-internacional-y-el-6o-congreso-nacional-de-la-federacion-de-asociaciones-piemontesas-de-argentina-fapa","status":"publish","type":"post","link":"https:\/\/fmalicia.com.ar\/?p=11403","title":{"rendered":"Invitacion a la 1\u00ba Expo Congreso Internacional y el 6\u00ba Congreso Nacional de la Federaci\u00f3n de Asociaciones Piemontesas de Argentina (FAPA)"},"content":{"rendered":"\n<p>Queremos invitarte a participar a la 1\u00ba Expo Congreso Internacional y el 6\u00ba Congreso Nacional de la Federaci\u00f3n de Asociaciones Piemontesas de Argentina (FAPA), que se realizar\u00e1n del 11 al 13 de Junio de manera virtual, y que contar\u00e1 con la participaci\u00f3n del Coro \u201cTaula Lunga\u201d de nuestra localidad.<\/p>\n\n\n\n<p>Pueden ingresar a www.expocongresopiemonte.com.ar para descubrir de qu\u00e9 se trata esta gran muestra virtual que te acercan a tus ra\u00edces piemontesas, y les dejamos el siguiente enlace para conectarse el domingo 13 de junio desde las 11 hasta las 13:30 hs. para formar parte del cierre de la Expo.<\/p>\n\n\n\n<p>Es una hermosa oportunidad para ampliar tus conocimientos sobre la lengua, la historia y las tradiciones de la bella Regi\u00f3n del Piemonte de la cual vinieron nuestros ancestros.<\/p>\n\n\n\n<p>\u00a1Sumate!<\/p>\n\n\n\n<figure class=\"wp-block-image size-large is-resized\"><img loading=\"lazy\" decoding=\"async\" src=\"https:\/\/i.ibb.co\/Pwx68Rw\/Whats-App-Image-2021-06-11-at-12-27-10.jpg\" alt=\"\" width=\"784\" height=\"784\"\/><\/figure>\n","protected":false},"excerpt":{"rendered":"<p>Queremos invitarte a participar a la 1\u00ba Expo Congreso Internacional y el 6\u00ba Congreso Nacional de la Federaci\u00f3n de Asociaciones Piemontesas de Argentina (FAPA), que se realizar\u00e1n del 11 al&hellip; <\/p>\n","protected":false},"author":2,"featured_media":11405,"comment_status":"open","ping_status":"open","sticky":false,"template":"","format":"standard","meta":{"footnotes":""},"categories":[1,2],"tags":[],"class_list":["post-11403","post","type-post","status-publish","format-standard","has-post-thumbnail","hentry","category-culturales","category-sociedad"],"views":266,"_links":{"self":[{"href":"https:\/\/fmalicia.com.ar\/index.php?rest_route=\/wp\/v2\/posts\/11403","targetHints":{"allow":["GET"]}}],"collection":[{"href":"https:\/\/fmalicia.com.ar\/index.php?rest_route=\/wp\/v2\/posts"}],"about":[{"href":"https:\/\/fmalicia.com.ar\/index.php?rest_route=\/wp\/v2\/types\/post"}],"author":[{"embeddable":true,"href":"https:\/\/fmalicia.com.ar\/index.php?rest_route=\/wp\/v2\/users\/2"}],"replies":[{"embeddable":true,"href":"https:\/\/fmalicia.com.ar\/index.php?rest_route=%2Fwp%2Fv2%2Fcomments&post=11403"}],"version-history":[{"count":1,"href":"https:\/\/fmalicia.com.ar\/index.php?rest_route=\/wp\/v2\/posts\/11403\/revisions"}],"predecessor-version":[{"id":11404,"href":"https:\/\/fmalicia.com.ar\/index.php?rest_route=\/wp\/v2\/posts\/11403\/revisions\/11404"}],"wp:featuredmedia":[{"embeddable":true,"href":"https:\/\/fmalicia.com.ar\/index.php?rest_route=\/wp\/v2\/media\/11405"}],"wp:attachment":[{"href":"https:\/\/fmalicia.com.ar\/index.php?rest_route=%2Fwp%2Fv2%2Fmedia&parent=11403"}],"wp:term":[{"taxonomy":"category","embeddable":true,"href":"https:\/\/fmalicia.com.ar\/index.php?rest_route=%2Fwp%2Fv2%2Fcategories&post=11403"},{"taxonomy":"post_tag","embeddable":true,"href":"https:\/\/fmalicia.com.ar\/index.php?rest_route=%2Fwp%2Fv2%2Ftags&post=11403"}],"curies":[{"name":"wp","href":"https:\/\/api.w.org\/{rel}","templated":true}]}}