{"id":11365,"date":"2021-06-10T13:29:23","date_gmt":"2021-06-10T16:29:23","guid":{"rendered":"https:\/\/fmalicia.com.ar\/?p=11365"},"modified":"2021-06-10T13:29:26","modified_gmt":"2021-06-10T16:29:26","slug":"fuerte-medida-del-gobierno-para-aliviar-a-monotributistas","status":"publish","type":"post","link":"https:\/\/fmalicia.com.ar\/?p=11365","title":{"rendered":"Fuerte medida del Gobierno para aliviar a monotributistas"},"content":{"rendered":"\n<p>El Gobierno avanza en una reforma integral del sistema de monotributo a partir de un pedido del presidente Alberto Fern\u00e1ndez a Sergio Massa.<\/p>\n\n\n\n<p>El proyecto con la firma del titular de la C\u00e1mara de Diputados ingres\u00f3 anoche a las 23 y establece una amplia moratoria que impacta a los ca\u00eddos del sistema en los \u00faltimos 3 a\u00f1os, cambia muy fuerte las escalas aliviando mucho la situaci\u00f3n fiscal de m\u00e1s de 3,5 millones de personas, y corre la fecha a junio del cambio de al\u00edcuota para que nadie tenga deudas.<\/p>\n\n\n\n<p>La decisi\u00f3n se tom\u00f3 luego de una serie de reuniones en Casa Rosada en las que participaron desde el presidente hasta las m\u00e1ximas autoridades a cargo de la conducci\u00f3n econ\u00f3mica.<\/p>\n\n\n\n<p>Entre las modificaciones que plantea el proyecto que ya fue enviado al Congreso est\u00e1 subir las escalas y que la actualizaci\u00f3n ser\u00e1 reci\u00e9n desde julio.&nbsp;<\/p>\n\n\n\n<p>Las medidas surgen luego de analizar la situaci\u00f3n de este sector que a partir de los cambios que se hab\u00edan producido en los \u00faltimos d\u00edas hab\u00eda quedado expuesto a deudas por la falta de actualizaci\u00f3n en el gravamen.<\/p>\n\n\n\n<p>El proyecto, seg\u00fan public\u00f3&nbsp;<em>\u00c1mbito<\/em>, plantea un alivio fiscal que alcanza a m\u00e1s de 4 millones de monotributistas y complementa el reciente R\u00e9gimen de Sostenimiento e Inclusi\u00f3n Fiscal para Peque\u00f1os Contribuyentes impulsado por el Gobierno.<\/p>\n\n\n\n<p>El mismo tiene especial atenci\u00f3n sobre las categor\u00edas m\u00e1s bajas, dado que dos de cada tres inscriptos al monotributo est\u00e1n en las escalas A y B. El cambio en el r\u00e9gimen simplificado comenzar\u00e1 en julio y los contribuyentes no pagar\u00e1n la deuda acumulada.&nbsp;<\/p>\n\n\n\n<p><strong>Cuatro puntos clave del proyecto<\/strong><\/p>\n\n\n\n<p>1- El sostenimiento de los valores mensuales de las cuotas a ingresar: el valor de las cuotas de enero a junio de 2021 ser\u00e1 el vigente a diciembre de 2020. La actualizaci\u00f3n de la cuota regir\u00e1 a partir de julio de 2021.<\/p>\n\n\n\n<p>2- Un esquema progresivo de actualizaci\u00f3n de escalas, duplicando para las categor\u00edas m\u00e1s bajas el incremento del 35% de este a\u00f1o (el aumento de la categor\u00eda A es del 77% respecto de diciembre 2020). Se fijan a partir del 1 de julio de 2021, nuevos par\u00e1metros de ingresos brutos anuales que complementan el r\u00e9gimen vigente desde enero de 2021, sin aumentar el valor mensual de la categor\u00eda (\u201ccuota mensual\u201d) del monotributo.<\/p>\n\n\n\n<figure class=\"wp-block-image size-large is-resized\"><img loading=\"lazy\" decoding=\"async\" src=\"https:\/\/www.cadena3.com\/admin\/playerswf\/fotos\/ARCHI_849181.jpg\" alt=\"\" width=\"687\" height=\"385\"\/><\/figure>\n","protected":false},"excerpt":{"rendered":"<p>El Gobierno avanza en una reforma integral del sistema de monotributo a partir de un pedido del presidente Alberto Fern\u00e1ndez a Sergio Massa. El proyecto con la firma del titular&hellip; <\/p>\n","protected":false},"author":2,"featured_media":11374,"comment_status":"open","ping_status":"open","sticky":false,"template":"","format":"standard","meta":{"footnotes":""},"categories":[7],"tags":[],"class_list":["post-11365","post","type-post","status-publish","format-standard","has-post-thumbnail","hentry","category-nacionales"],"views":839,"_links":{"self":[{"href":"https:\/\/fmalicia.com.ar\/index.php?rest_route=\/wp\/v2\/posts\/11365","targetHints":{"allow":["GET"]}}],"collection":[{"href":"https:\/\/fmalicia.com.ar\/index.php?rest_route=\/wp\/v2\/posts"}],"about":[{"href":"https:\/\/fmalicia.com.ar\/index.php?rest_route=\/wp\/v2\/types\/post"}],"author":[{"embeddable":true,"href":"https:\/\/fmalicia.com.ar\/index.php?rest_route=\/wp\/v2\/users\/2"}],"replies":[{"embeddable":true,"href":"https:\/\/fmalicia.com.ar\/index.php?rest_route=%2Fwp%2Fv2%2Fcomments&post=11365"}],"version-history":[{"count":2,"href":"https:\/\/fmalicia.com.ar\/index.php?rest_route=\/wp\/v2\/posts\/11365\/revisions"}],"predecessor-version":[{"id":11373,"href":"https:\/\/fmalicia.com.ar\/index.php?rest_route=\/wp\/v2\/posts\/11365\/revisions\/11373"}],"wp:featuredmedia":[{"embeddable":true,"href":"https:\/\/fmalicia.com.ar\/index.php?rest_route=\/wp\/v2\/media\/11374"}],"wp:attachment":[{"href":"https:\/\/fmalicia.com.ar\/index.php?rest_route=%2Fwp%2Fv2%2Fmedia&parent=11365"}],"wp:term":[{"taxonomy":"category","embeddable":true,"href":"https:\/\/fmalicia.com.ar\/index.php?rest_route=%2Fwp%2Fv2%2Fcategories&post=11365"},{"taxonomy":"post_tag","embeddable":true,"href":"https:\/\/fmalicia.com.ar\/index.php?rest_route=%2Fwp%2Fv2%2Ftags&post=11365"}],"curies":[{"name":"wp","href":"https:\/\/api.w.org\/{rel}","templated":true}]}}