{"id":11351,"date":"2021-06-09T20:43:25","date_gmt":"2021-06-09T23:43:25","guid":{"rendered":"https:\/\/fmalicia.com.ar\/?p=11351"},"modified":"2021-06-09T20:43:27","modified_gmt":"2021-06-09T23:43:27","slug":"alberto-fernandez-se-equivoco-al-citar-un-poeta","status":"publish","type":"post","link":"https:\/\/fmalicia.com.ar\/?p=11351","title":{"rendered":"Alberto Fern\u00e1ndez se equivoc\u00f3 al citar un poeta!"},"content":{"rendered":"\n<p>\u201cLos mexicanos salieron de los indios, los brasileros salieron de la selva, pero los argentinos llegamos en los barcos que ven\u00edan de all\u00ed, de Europa, y as\u00ed construimos nuestra sociedad\u201d, dijo este mi\u00e9rcoles el presidente\u00a0<a rel=\"noreferrer noopener\" href=\"https:\/\/www.cadena3.com\/pagina\/tag\/?q=Alberto%20Fern%C3%A1ndez\" target=\"_blank\">Alberto Fern\u00e1ndez<\/a>\u00a0despu\u00e9s de citar a Octavio Paz.<\/p>\n\n\n\n<p>\u201cLos mexicanos salieron de los indios, los brasileros salieron de la selva, pero los argentinos llegamos en los barcos que ven\u00edan de all\u00ed, de Europa, y as\u00ed construimos nuestra sociedad\u201d, dijo este mi\u00e9rcoles el presidente&nbsp;<a href=\"https:\/\/www.cadena3.com\/pagina\/tag\/?q=Alberto%20Fern%C3%A1ndez\" target=\"_blank\" rel=\"noreferrer noopener\">Alberto Fern\u00e1ndez<\/a>&nbsp;despu\u00e9s de citar a Octavio Paz.<\/p>\n\n\n\n<p>La frase, que inmediatamente se hizo viral en redes sociales y gener\u00f3 fuertes cr\u00edticas, fue durante la conferencia de prensa que dio junto al presidente de\u00a0<a rel=\"noreferrer noopener\" href=\"https:\/\/www.cadena3.com\/pagina\/tag\/?q=Espa%C3%B1a\" target=\"_blank\">Espa\u00f1a<\/a>,\u00a0<a rel=\"noreferrer noopener\" href=\"https:\/\/www.cadena3.com\/pagina\/tag\/?q=Pedo%20S%C3%A1nchez\" target=\"_blank\">Pedro S\u00e1nchez<\/a>,\u00a0durante su visita oficial al pa\u00eds.\u00a0<\/p>\n\n\n\n<p>Es que la cita corresponde a la canci\u00f3n \u201cLlegamos de los barcos\u201d, de&nbsp;<a href=\"https:\/\/www.cadena3.com\/pagina\/tag\/?q=Litto%20Nebbia\" target=\"_blank\" rel=\"noreferrer noopener\">Litto Nebbia<\/a>, grabada en 1982, y no al poeta mexicano, Octavio Paz, premio Nobel de Literatura en 1990, al que quiso citar Alberto Fern\u00e1ndez.<\/p>\n\n\n\n<p>\u201cLos mexicanos descienden de los aztecas; los peruanos, de los incas, y los argentinos, de los barcos\u201d, habr\u00eda dicho Paz.<\/p>\n\n\n\n<figure class=\"wp-block-image size-large is-resized\"><img loading=\"lazy\" decoding=\"async\" src=\"https:\/\/i.ibb.co\/6Hgmx0B\/ARCHu.jpg\" alt=\"\" width=\"769\" height=\"516\"\/><\/figure>\n","protected":false},"excerpt":{"rendered":"<p>\u201cLos mexicanos salieron de los indios, los brasileros salieron de la selva, pero los argentinos llegamos en los barcos que ven\u00edan de all\u00ed, de Europa, y as\u00ed construimos nuestra sociedad\u201d,&hellip; <\/p>\n","protected":false},"author":2,"featured_media":11353,"comment_status":"open","ping_status":"open","sticky":false,"template":"","format":"standard","meta":{"footnotes":""},"categories":[7],"tags":[],"class_list":["post-11351","post","type-post","status-publish","format-standard","has-post-thumbnail","hentry","category-nacionales"],"views":281,"_links":{"self":[{"href":"https:\/\/fmalicia.com.ar\/index.php?rest_route=\/wp\/v2\/posts\/11351","targetHints":{"allow":["GET"]}}],"collection":[{"href":"https:\/\/fmalicia.com.ar\/index.php?rest_route=\/wp\/v2\/posts"}],"about":[{"href":"https:\/\/fmalicia.com.ar\/index.php?rest_route=\/wp\/v2\/types\/post"}],"author":[{"embeddable":true,"href":"https:\/\/fmalicia.com.ar\/index.php?rest_route=\/wp\/v2\/users\/2"}],"replies":[{"embeddable":true,"href":"https:\/\/fmalicia.com.ar\/index.php?rest_route=%2Fwp%2Fv2%2Fcomments&post=11351"}],"version-history":[{"count":1,"href":"https:\/\/fmalicia.com.ar\/index.php?rest_route=\/wp\/v2\/posts\/11351\/revisions"}],"predecessor-version":[{"id":11352,"href":"https:\/\/fmalicia.com.ar\/index.php?rest_route=\/wp\/v2\/posts\/11351\/revisions\/11352"}],"wp:featuredmedia":[{"embeddable":true,"href":"https:\/\/fmalicia.com.ar\/index.php?rest_route=\/wp\/v2\/media\/11353"}],"wp:attachment":[{"href":"https:\/\/fmalicia.com.ar\/index.php?rest_route=%2Fwp%2Fv2%2Fmedia&parent=11351"}],"wp:term":[{"taxonomy":"category","embeddable":true,"href":"https:\/\/fmalicia.com.ar\/index.php?rest_route=%2Fwp%2Fv2%2Fcategories&post=11351"},{"taxonomy":"post_tag","embeddable":true,"href":"https:\/\/fmalicia.com.ar\/index.php?rest_route=%2Fwp%2Fv2%2Ftags&post=11351"}],"curies":[{"name":"wp","href":"https:\/\/api.w.org\/{rel}","templated":true}]}}