{"id":11328,"date":"2021-06-09T20:07:20","date_gmt":"2021-06-09T23:07:20","guid":{"rendered":"https:\/\/fmalicia.com.ar\/?p=11328"},"modified":"2021-06-09T20:07:22","modified_gmt":"2021-06-09T23:07:22","slug":"las-varillas-sacanta-allanamiento-en-ciudad-de-cordoba-y-secuestro-de-elementos-por-hechos-de-robos","status":"publish","type":"post","link":"https:\/\/fmalicia.com.ar\/?p=11328","title":{"rendered":"LAS VARILLAS. SACANTA. ALLANAMIENTO EN CIUDAD DE CORDOBA Y SECUESTRO DE ELEMENTOS POR HECHOS DE ROBOS"},"content":{"rendered":"\n<p><br>Luego de una prolija y r\u00e1pida investigaci\u00f3n realizada en conjunto, entre Cria. Las Varillas y Sub Cria. Sacanta, bajo directivas de Fiscal\u00eda de Las Varillas, por dos hechos de robo ocurridos el pasado 31 de mayo, en nuestra ciudad, y Sacanta.<\/p>\n\n\n\n<p>En la ma\u00f1ana de este miercoles, efectivos de ambas dependencias se trasladaron a la ciudad de C\u00f3rdoba Capital, donde allanaron un domicilio, logrando el secuestro de prendas de vestir, dos telefonos celulares y un automovil Renault Megane, relacionados a los hechos investigados.<\/p>\n\n\n\n<figure class=\"wp-block-image size-large is-resized\"><img loading=\"lazy\" decoding=\"async\" src=\"https:\/\/i.ibb.co\/nj3NnwY\/POLICIA.jpg\" alt=\"\" width=\"496\" height=\"337\"\/><\/figure>\n\n\n\n<p>FUENTE COMISARIA LAS VARILLAS<\/p>\n","protected":false},"excerpt":{"rendered":"<p>Luego de una prolija y r\u00e1pida investigaci\u00f3n realizada en conjunto, entre Cria. Las Varillas y Sub Cria. Sacanta, bajo directivas de Fiscal\u00eda de Las Varillas, por dos hechos de robo&hellip; <\/p>\n","protected":false},"author":2,"featured_media":11330,"comment_status":"open","ping_status":"open","sticky":false,"template":"","format":"standard","meta":{"footnotes":""},"categories":[3],"tags":[],"class_list":["post-11328","post","type-post","status-publish","format-standard","has-post-thumbnail","hentry","category-policiales"],"views":222,"_links":{"self":[{"href":"https:\/\/fmalicia.com.ar\/index.php?rest_route=\/wp\/v2\/posts\/11328","targetHints":{"allow":["GET"]}}],"collection":[{"href":"https:\/\/fmalicia.com.ar\/index.php?rest_route=\/wp\/v2\/posts"}],"about":[{"href":"https:\/\/fmalicia.com.ar\/index.php?rest_route=\/wp\/v2\/types\/post"}],"author":[{"embeddable":true,"href":"https:\/\/fmalicia.com.ar\/index.php?rest_route=\/wp\/v2\/users\/2"}],"replies":[{"embeddable":true,"href":"https:\/\/fmalicia.com.ar\/index.php?rest_route=%2Fwp%2Fv2%2Fcomments&post=11328"}],"version-history":[{"count":1,"href":"https:\/\/fmalicia.com.ar\/index.php?rest_route=\/wp\/v2\/posts\/11328\/revisions"}],"predecessor-version":[{"id":11329,"href":"https:\/\/fmalicia.com.ar\/index.php?rest_route=\/wp\/v2\/posts\/11328\/revisions\/11329"}],"wp:featuredmedia":[{"embeddable":true,"href":"https:\/\/fmalicia.com.ar\/index.php?rest_route=\/wp\/v2\/media\/11330"}],"wp:attachment":[{"href":"https:\/\/fmalicia.com.ar\/index.php?rest_route=%2Fwp%2Fv2%2Fmedia&parent=11328"}],"wp:term":[{"taxonomy":"category","embeddable":true,"href":"https:\/\/fmalicia.com.ar\/index.php?rest_route=%2Fwp%2Fv2%2Fcategories&post=11328"},{"taxonomy":"post_tag","embeddable":true,"href":"https:\/\/fmalicia.com.ar\/index.php?rest_route=%2Fwp%2Fv2%2Ftags&post=11328"}],"curies":[{"name":"wp","href":"https:\/\/api.w.org\/{rel}","templated":true}]}}