{"id":11314,"date":"2021-06-09T11:34:27","date_gmt":"2021-06-09T14:34:27","guid":{"rendered":"https:\/\/fmalicia.com.ar\/?p=11314"},"modified":"2021-06-09T11:34:30","modified_gmt":"2021-06-09T14:34:30","slug":"consternacion-en-s-m-laspiur-por-el-suicidio-de-un-hombre-de-55-anos","status":"publish","type":"post","link":"https:\/\/fmalicia.com.ar\/?p=11314","title":{"rendered":"CONSTERNACI\u00d3N EN S.M.LASPIUR POR EL SUICIDIO DE UN HOMBRE DE 55 A\u00d1OS"},"content":{"rendered":"\n<p>.Fuentes policiales informaron que ayer por la ma\u00f1ana el personal de la Subcomisaria de S.M.Laspiur fue convocado a un establecimiento rural, que se encuentra a 5 km de la localidad, donde se habr\u00eda concretado el suicidio de un masculino de 55 a\u00f1os de edad. De acuerdo a la informaci\u00f3n, el cuerpo sin vida de la v\u00edctima fue hallado en el interior de la vivienda rural por un integrante de su grupo familiar. Personal de Polic\u00eda Judicial se hizo presente en el lugar del acontecimiento y tras realizar las pericias de rigor, desde la Fiscal\u00eda interviniente se dispuso el traslado del cuerpo a la Morgue Judicial. Cabe destacar, que el masculino estaba radicado en la zona urbana de Laspiur y se desempe\u00f1aba laboralmente en el establecimiento que fue escenario de la dr\u00e1stica determinaci\u00f3n adoptada. El hecho gener\u00f3 conmoci\u00f3n en la comunidad laspiurense.<a href=\"https:\/\/www.facebook.com\/radiofm.centenario\/photos\/a.838904509582472\/2200692160070360\/?__cft__[0]=AZWhyzFQbcuBGI1905K2Z-eF0J1zbFryAByEu-kRC0i0lz5q8hmuCHq6LEzZe3pATIlNWaVtRbDitQzoramDe61BaufndWHBrPXkdKTO_xNhkUU4FIj2jGR2clExGUdGE9pPBJ_THQIA6atnm0LjvWZG&amp;__tn__=EH-R\"><\/a><\/p>\n\n\n\n<figure class=\"wp-block-image size-large is-resized\"><img loading=\"lazy\" decoding=\"async\" src=\"https:\/\/i.ibb.co\/nj3NnwY\/POLICIA.jpg\" alt=\"\" width=\"602\" height=\"409\"\/><\/figure>\n\n\n\n\n\n\n\n<p><\/p>\n","protected":false},"excerpt":{"rendered":"<p>.Fuentes policiales informaron que ayer por la ma\u00f1ana el personal de la Subcomisaria de S.M.Laspiur fue convocado a un establecimiento rural, que se encuentra a 5 km de la localidad,&hellip; <\/p>\n","protected":false},"author":2,"featured_media":11316,"comment_status":"open","ping_status":"open","sticky":false,"template":"","format":"standard","meta":{"footnotes":""},"categories":[3],"tags":[],"class_list":["post-11314","post","type-post","status-publish","format-standard","has-post-thumbnail","hentry","category-policiales"],"views":481,"_links":{"self":[{"href":"https:\/\/fmalicia.com.ar\/index.php?rest_route=\/wp\/v2\/posts\/11314","targetHints":{"allow":["GET"]}}],"collection":[{"href":"https:\/\/fmalicia.com.ar\/index.php?rest_route=\/wp\/v2\/posts"}],"about":[{"href":"https:\/\/fmalicia.com.ar\/index.php?rest_route=\/wp\/v2\/types\/post"}],"author":[{"embeddable":true,"href":"https:\/\/fmalicia.com.ar\/index.php?rest_route=\/wp\/v2\/users\/2"}],"replies":[{"embeddable":true,"href":"https:\/\/fmalicia.com.ar\/index.php?rest_route=%2Fwp%2Fv2%2Fcomments&post=11314"}],"version-history":[{"count":1,"href":"https:\/\/fmalicia.com.ar\/index.php?rest_route=\/wp\/v2\/posts\/11314\/revisions"}],"predecessor-version":[{"id":11315,"href":"https:\/\/fmalicia.com.ar\/index.php?rest_route=\/wp\/v2\/posts\/11314\/revisions\/11315"}],"wp:featuredmedia":[{"embeddable":true,"href":"https:\/\/fmalicia.com.ar\/index.php?rest_route=\/wp\/v2\/media\/11316"}],"wp:attachment":[{"href":"https:\/\/fmalicia.com.ar\/index.php?rest_route=%2Fwp%2Fv2%2Fmedia&parent=11314"}],"wp:term":[{"taxonomy":"category","embeddable":true,"href":"https:\/\/fmalicia.com.ar\/index.php?rest_route=%2Fwp%2Fv2%2Fcategories&post=11314"},{"taxonomy":"post_tag","embeddable":true,"href":"https:\/\/fmalicia.com.ar\/index.php?rest_route=%2Fwp%2Fv2%2Ftags&post=11314"}],"curies":[{"name":"wp","href":"https:\/\/api.w.org\/{rel}","templated":true}]}}