{"id":11307,"date":"2021-06-08T20:43:40","date_gmt":"2021-06-08T23:43:40","guid":{"rendered":"https:\/\/fmalicia.com.ar\/?p=11307"},"modified":"2021-06-08T20:43:43","modified_gmt":"2021-06-08T23:43:43","slug":"el-fortin-el-intendente-firmo-convenio-con-obras-publicas-de-la-nacion-por-23-000-000","status":"publish","type":"post","link":"https:\/\/fmalicia.com.ar\/?p=11307","title":{"rendered":"El Fort\u00edn: El intendente firm\u00f3 convenio con Obras P\u00fablicas de la Naci\u00f3n por $ 23.000.000"},"content":{"rendered":"\n<p>El Intendente Municipal Dr. Elio S\u00e1nchez suscribi\u00f3 esta ma\u00f1ana un nuevo convenio espec\u00edfico con el Ministerio de Obras P\u00fablicas de la Naci\u00f3n con lo cual la Municipalidad de El Fort\u00edn en el marco del programa Argentina Hace I recibir\u00e1 aportes en los pr\u00f3ximos meses para ejecuci\u00f3n de obras por un total de $ 23.275.831,02.Precisamente, el nuevo convenio firmado por el jefe comunal con el Secretario de Obras P\u00fablicas de la Naci\u00f3n, el villamariense Mart\u00edn Gill, por un monto de $ 9.445.474,93 estar\u00e1 destinado a la Recuperaci\u00f3n, Refuncionalizaci\u00f3n y Mejoramiento de Espacios P\u00fablicos, comprendiendo intervenciones en distintos sectores de la localidad.El nuevo acuerdo se suma al ya suscripto hace alg\u00fan tiempo atr\u00e1s por un monto de $ 13.830.356,09, el cual fue solicitado para Recuperaci\u00f3n y Ejecuci\u00f3n de nuevos Cordones Cuneta y Badenes, cuyos trabajos se pusieron en marcha hace algunos d\u00edas en el sector del Bvrd. Horacio Shedden, entre la calle Mar\u00eda S. de Sorato y Orlando Boero (Norte).<\/p>\n\n\n\n<figure class=\"wp-block-image size-large is-resized\"><img loading=\"lazy\" decoding=\"async\" src=\"https:\/\/i.ibb.co\/sqgZRvm\/Whats-App-Image-2021-06-08-at-20-12-09.jpg\" alt=\"\" width=\"785\" height=\"589\"\/><\/figure>\n","protected":false},"excerpt":{"rendered":"<p>El Intendente Municipal Dr. Elio S\u00e1nchez suscribi\u00f3 esta ma\u00f1ana un nuevo convenio espec\u00edfico con el Ministerio de Obras P\u00fablicas de la Naci\u00f3n con lo cual la Municipalidad de El Fort\u00edn&hellip; <\/p>\n","protected":false},"author":2,"featured_media":11309,"comment_status":"open","ping_status":"open","sticky":false,"template":"","format":"standard","meta":{"footnotes":""},"categories":[17,5],"tags":[],"class_list":["post-11307","post","type-post","status-publish","format-standard","has-post-thumbnail","hentry","category-destacadas","category-regionales"],"views":199,"_links":{"self":[{"href":"https:\/\/fmalicia.com.ar\/index.php?rest_route=\/wp\/v2\/posts\/11307","targetHints":{"allow":["GET"]}}],"collection":[{"href":"https:\/\/fmalicia.com.ar\/index.php?rest_route=\/wp\/v2\/posts"}],"about":[{"href":"https:\/\/fmalicia.com.ar\/index.php?rest_route=\/wp\/v2\/types\/post"}],"author":[{"embeddable":true,"href":"https:\/\/fmalicia.com.ar\/index.php?rest_route=\/wp\/v2\/users\/2"}],"replies":[{"embeddable":true,"href":"https:\/\/fmalicia.com.ar\/index.php?rest_route=%2Fwp%2Fv2%2Fcomments&post=11307"}],"version-history":[{"count":1,"href":"https:\/\/fmalicia.com.ar\/index.php?rest_route=\/wp\/v2\/posts\/11307\/revisions"}],"predecessor-version":[{"id":11308,"href":"https:\/\/fmalicia.com.ar\/index.php?rest_route=\/wp\/v2\/posts\/11307\/revisions\/11308"}],"wp:featuredmedia":[{"embeddable":true,"href":"https:\/\/fmalicia.com.ar\/index.php?rest_route=\/wp\/v2\/media\/11309"}],"wp:attachment":[{"href":"https:\/\/fmalicia.com.ar\/index.php?rest_route=%2Fwp%2Fv2%2Fmedia&parent=11307"}],"wp:term":[{"taxonomy":"category","embeddable":true,"href":"https:\/\/fmalicia.com.ar\/index.php?rest_route=%2Fwp%2Fv2%2Fcategories&post=11307"},{"taxonomy":"post_tag","embeddable":true,"href":"https:\/\/fmalicia.com.ar\/index.php?rest_route=%2Fwp%2Fv2%2Ftags&post=11307"}],"curies":[{"name":"wp","href":"https:\/\/api.w.org\/{rel}","templated":true}]}}