{"id":11295,"date":"2021-06-08T10:51:33","date_gmt":"2021-06-08T13:51:33","guid":{"rendered":"https:\/\/fmalicia.com.ar\/?p=11295"},"modified":"2021-06-08T10:51:35","modified_gmt":"2021-06-08T13:51:35","slug":"robo-en-zona-rural-de-san-antonio-de-litin-cuyos-propietarios-son-alicenos-y-varillenses","status":"publish","type":"post","link":"https:\/\/fmalicia.com.ar\/?p=11295","title":{"rendered":"Robo en zona rural de San Antonio de Litin cuyos propietarios son alice\u00f1os y varillenses"},"content":{"rendered":"\n<p>Agradecemos la informacion a la Oficial Principal Mariela Calva\u00a0 Jefa de Sub Cria. San Antonio de Litin<\/p>\n\n\n\n<p><strong><u>PARTE DE PRENSA SUB COMISARIA SAN ANTONIO DE LITIN \u2013 U.R.D.UNION<\/u><\/strong><\/p>\n\n\n\n<p>En horas de la tarde del dia Domingo 06 del cte. Mes y a\u00f1o, se iniciaron Actuaciones Sumariales De Oficio, por un hecho de Robo Calificado en zona rural de nuestra localidad, mas precisamente a 40 km de esta urbe, en dos campos colindantes, los cuales se encontraban sin morador ni cuidador alguno. Los damnificados, dos productores rurales con domicilio en la localidad de Alicia y Las Varillas, respectivamente; fueron v\u00edctimas de la sustracci\u00f3n de varias herramientas y agroqu\u00edmicos; luego de que autores ignorados, tras romper los sistemas de alarmas, se retiraran con los elementos mencionados.<\/p>\n\n\n\n<p>Personal de esta Sub Comisaria, trabaja de manera conjunta con personal policial de las localidades aleda\u00f1as, a trav\u00e9s de directivas emanadas por Fiscal\u00eda de Instrucci\u00f3n de la ciudad de Bell Ville, a los fines de practicar las averiguaciones correspondientes para el esclarecimiento del hecho.<\/p>\n\n\n\n<p>Oficial Ppal Mariela Calva<\/p>\n\n\n\n<figure class=\"wp-block-image size-large\"><img decoding=\"async\" src=\"https:\/\/i.ibb.co\/fr42j3W\/Whats-App-Image-2020-12-01-at-11-58-20.jpg\" alt=\"\"\/><\/figure>\n","protected":false},"excerpt":{"rendered":"<p>Agradecemos la informacion a la Oficial Principal Mariela Calva\u00a0 Jefa de Sub Cria. San Antonio de Litin PARTE DE PRENSA SUB COMISARIA SAN ANTONIO DE LITIN \u2013 U.R.D.UNION En horas&hellip; <\/p>\n","protected":false},"author":2,"featured_media":11297,"comment_status":"open","ping_status":"open","sticky":false,"template":"","format":"standard","meta":{"footnotes":""},"categories":[17,3,5],"tags":[],"class_list":["post-11295","post","type-post","status-publish","format-standard","has-post-thumbnail","hentry","category-destacadas","category-policiales","category-regionales"],"views":265,"_links":{"self":[{"href":"https:\/\/fmalicia.com.ar\/index.php?rest_route=\/wp\/v2\/posts\/11295","targetHints":{"allow":["GET"]}}],"collection":[{"href":"https:\/\/fmalicia.com.ar\/index.php?rest_route=\/wp\/v2\/posts"}],"about":[{"href":"https:\/\/fmalicia.com.ar\/index.php?rest_route=\/wp\/v2\/types\/post"}],"author":[{"embeddable":true,"href":"https:\/\/fmalicia.com.ar\/index.php?rest_route=\/wp\/v2\/users\/2"}],"replies":[{"embeddable":true,"href":"https:\/\/fmalicia.com.ar\/index.php?rest_route=%2Fwp%2Fv2%2Fcomments&post=11295"}],"version-history":[{"count":1,"href":"https:\/\/fmalicia.com.ar\/index.php?rest_route=\/wp\/v2\/posts\/11295\/revisions"}],"predecessor-version":[{"id":11296,"href":"https:\/\/fmalicia.com.ar\/index.php?rest_route=\/wp\/v2\/posts\/11295\/revisions\/11296"}],"wp:featuredmedia":[{"embeddable":true,"href":"https:\/\/fmalicia.com.ar\/index.php?rest_route=\/wp\/v2\/media\/11297"}],"wp:attachment":[{"href":"https:\/\/fmalicia.com.ar\/index.php?rest_route=%2Fwp%2Fv2%2Fmedia&parent=11295"}],"wp:term":[{"taxonomy":"category","embeddable":true,"href":"https:\/\/fmalicia.com.ar\/index.php?rest_route=%2Fwp%2Fv2%2Fcategories&post=11295"},{"taxonomy":"post_tag","embeddable":true,"href":"https:\/\/fmalicia.com.ar\/index.php?rest_route=%2Fwp%2Fv2%2Ftags&post=11295"}],"curies":[{"name":"wp","href":"https:\/\/api.w.org\/{rel}","templated":true}]}}