{"id":11269,"date":"2021-06-08T07:26:24","date_gmt":"2021-06-08T10:26:24","guid":{"rendered":"https:\/\/fmalicia.com.ar\/?p=11269"},"modified":"2021-06-08T09:09:40","modified_gmt":"2021-06-08T12:09:40","slug":"agradecemos-todas-las-salutaciones-y-presentes-recibidos","status":"publish","type":"post","link":"https:\/\/fmalicia.com.ar\/?p=11269","title":{"rendered":"Agradecemos todas las salutaciones y presentes recibidos!"},"content":{"rendered":"\n<p>Desde nuestra humilde &#8220;casa&#8221;, nuestra FM Alicia 96.1 agradecemos todos los saludos y presentes recibidos, compartimos aqu\u00ed la publicaci\u00f3n de la pagina de la Municipalidad de Alicia, nos sentimos muy felices de estos 28 a\u00f1os de &#8220;Compa\u00f1\u00eda diaria&#8221;. GRACIAS A TODOS! <\/p>\n\n\n\n<figure class=\"wp-block-image size-large is-resized\"><img loading=\"lazy\" decoding=\"async\" src=\"https:\/\/i.ibb.co\/QcNbmFx\/muni.png\" alt=\"\" width=\"735\" height=\"1106\"\/><\/figure>\n\n\n\n<figure class=\"wp-block-image size-large is-resized\"><img loading=\"lazy\" decoding=\"async\" src=\"https:\/\/i.ibb.co\/FHNsYBw\/Whats-App-Image-2021-06-07-at-14-21-10.jpg\" alt=\"\" width=\"788\" height=\"1050\"\/><figcaption>PRESENTE DE LA MUNICIPALIDAD DE ALICIA<\/figcaption><\/figure>\n\n\n\n<figure class=\"wp-block-image size-large\"><img decoding=\"async\" src=\"https:\/\/i.ibb.co\/xmBLLVm\/Whats-App-Image-2021-06-07-at-14-21-10-2.jpg\" alt=\"\"\/><figcaption>PRESENTE MUTUAL UNION<\/figcaption><\/figure>\n\n\n\n<figure class=\"wp-block-image size-large is-resized\"><img loading=\"lazy\" decoding=\"async\" src=\"https:\/\/i.ibb.co\/2jcHtHB\/Whats-App-Image-2021-06-07-at-14-21-10-1.jpg\" alt=\"\" width=\"811\" height=\"1081\"\/><figcaption>PRESENTE SUPERMERCADO DARO<\/figcaption><\/figure>\n\n\n\n<figure class=\"wp-block-embed-youtube wp-block-embed is-type-video is-provider-youtube wp-embed-aspect-4-3 wp-has-aspect-ratio\"><div class=\"wp-block-embed__wrapper\">\n<iframe loading=\"lazy\" title=\"Saludos de Anahi y Pedrito!\" width=\"1110\" height=\"833\" src=\"https:\/\/www.youtube.com\/embed\/JUvYrL5PV_g?feature=oembed\" frameborder=\"0\" allow=\"accelerometer; autoplay; clipboard-write; encrypted-media; gyroscope; picture-in-picture\" allowfullscreen><\/iframe>\n<\/div><figcaption>Saludo especial de Anahi y Pedrito! Muchas gracias!!!<\/figcaption><\/figure>\n","protected":false},"excerpt":{"rendered":"<p>Desde nuestra humilde &#8220;casa&#8221;, nuestra FM Alicia 96.1 agradecemos todos los saludos y presentes recibidos, compartimos aqu\u00ed la publicaci\u00f3n de la pagina de la Municipalidad de Alicia, nos sentimos muy&hellip; <\/p>\n","protected":false},"author":2,"featured_media":11271,"comment_status":"open","ping_status":"open","sticky":false,"template":"","format":"standard","meta":{"footnotes":""},"categories":[4,2],"tags":[],"class_list":["post-11269","post","type-post","status-publish","format-standard","has-post-thumbnail","hentry","category-locales","category-sociedad"],"views":481,"_links":{"self":[{"href":"https:\/\/fmalicia.com.ar\/index.php?rest_route=\/wp\/v2\/posts\/11269","targetHints":{"allow":["GET"]}}],"collection":[{"href":"https:\/\/fmalicia.com.ar\/index.php?rest_route=\/wp\/v2\/posts"}],"about":[{"href":"https:\/\/fmalicia.com.ar\/index.php?rest_route=\/wp\/v2\/types\/post"}],"author":[{"embeddable":true,"href":"https:\/\/fmalicia.com.ar\/index.php?rest_route=\/wp\/v2\/users\/2"}],"replies":[{"embeddable":true,"href":"https:\/\/fmalicia.com.ar\/index.php?rest_route=%2Fwp%2Fv2%2Fcomments&post=11269"}],"version-history":[{"count":2,"href":"https:\/\/fmalicia.com.ar\/index.php?rest_route=\/wp\/v2\/posts\/11269\/revisions"}],"predecessor-version":[{"id":11287,"href":"https:\/\/fmalicia.com.ar\/index.php?rest_route=\/wp\/v2\/posts\/11269\/revisions\/11287"}],"wp:featuredmedia":[{"embeddable":true,"href":"https:\/\/fmalicia.com.ar\/index.php?rest_route=\/wp\/v2\/media\/11271"}],"wp:attachment":[{"href":"https:\/\/fmalicia.com.ar\/index.php?rest_route=%2Fwp%2Fv2%2Fmedia&parent=11269"}],"wp:term":[{"taxonomy":"category","embeddable":true,"href":"https:\/\/fmalicia.com.ar\/index.php?rest_route=%2Fwp%2Fv2%2Fcategories&post=11269"},{"taxonomy":"post_tag","embeddable":true,"href":"https:\/\/fmalicia.com.ar\/index.php?rest_route=%2Fwp%2Fv2%2Ftags&post=11269"}],"curies":[{"name":"wp","href":"https:\/\/api.w.org\/{rel}","templated":true}]}}